{"id":10764,"date":"2025-09-30T16:40:58","date_gmt":"2025-09-30T14:40:58","guid":{"rendered":"https:\/\/eu.camsrecycling.com\/?p=10764"},"modified":"2025-09-30T17:14:23","modified_gmt":"2025-09-30T15:14:23","slug":"cams-asphaltica-world-bari-2025-ciclo-green-asfalto","status":"publish","type":"post","link":"https:\/\/eu.camsrecycling.com\/de\/ankundigungen\/cams-asphaltica-world-bari-2025-ciclo-green-asfalto\/","title":{"rendered":"CAMS auf der Asphaltica World 2025: Gr\u00fcner Asphaltkreislauf und nachhaltige Innovation"},"content":{"rendered":"<p>Dal <b>29. bis 31. Oktober 2025<\/b><span style=\"font-weight: 400;\"> wird CAMS Srl an <\/span><b>Asphaltica World<\/b><span style=\"font-weight: 400;\"> auf der <\/span><b>Nuova Fiera del Levante in Bari<\/b><span style=\"font-weight: 400;\">, Pavillon <\/span><b>110 \u2013 Stand Nr. 32<\/b><span style=\"font-weight: 400;\"> teilnehmen. Eine einzigartige Gelegenheit, die CAMS-L\u00f6sungen f\u00fcr den <\/span><b>ciclo green dell\u2019asfalto<\/b><span style=\"font-weight: 400;\"> und nachhaltige Innovationen im Stra\u00dfeninfrastruktursektor kennenzulernen.<\/span><\/p>\n<p><span style=\"font-weight: 400;\">Insbesondere am <\/span><b>30. Oktober von 15:00 bis 16:00 Uhr im Raum 4 des Kongresszentrums<\/b><span style=\"font-weight: 400;\"> wird CAMS die Veranstaltung durchf\u00fchren:<\/span><span style=\"font-weight: 400;\"><br \/>\n<\/span> <b>\u201eCiclo green dell\u2019asfalto. Technologien und Nachhaltigkeit mit CAMS-Maschinen\u201c<\/b><span style=\"font-weight: 400;\">, bei der fortschrittliche Systeme f\u00fcr das Recycling und die Regeneration von Materialien in einem konkreten Modell der <\/span><b>Kreislaufwirtschaft<\/b><span style=\"font-weight: 400;\"> vorgestellt werden.<\/span><\/p>\n<p>&nbsp;<\/p>\n<h2>Mobile Maschinen und modulare Systeme: das Herz der CAMS-Innovation<\/h2>\n<p><span style=\"font-weight: 400;\">Die <\/span><b>CAMS-Mobilmaschinen<\/b><span style=\"font-weight: 400;\"> und die <\/span><b>modularen Schlitten-Systeme<\/b><span style=\"font-weight: 400;\"> sind darauf ausgelegt, den Anforderungen eines Sektors gerecht zu werden, der <\/span><b>Produktivit\u00e4t, Effizienz und Reduzierung der Umweltbelastung<\/b><span style=\"font-weight: 400;\"> vereinen muss.<\/span><span style=\"font-weight: 400;\"><br \/>\n<\/span><span style=\"font-weight: 400;\"> Dank dieser Technologien bietet CAMS einen fortschrittlichen Ansatz, der:<\/span><\/p>\n<ul>\n<li style=\"font-weight: 400;\" aria-level=\"1\"><span style=\"font-weight: 400;\">Abf\u00e4lle reduziert und recycelte Materialien aufwertet;<\/span><\/li>\n<li style=\"font-weight: 400;\" aria-level=\"1\"><span style=\"font-weight: 400;\">den Energieverbrauch bei der Verarbeitung senkt;<\/span><\/li>\n<li style=\"font-weight: 400;\" aria-level=\"1\"><span style=\"font-weight: 400;\">gr\u00f6\u00dfere operative Flexibilit\u00e4t durch modulare L\u00f6sungen gew\u00e4hrleistet;<\/span><\/li>\n<li style=\"font-weight: 400;\" aria-level=\"1\">die <b>Digitalisierung<\/b> in die Prozesse integriert, im Einklang mit den Anforderungen der <b>Transition 5.0<\/b>.<\/li>\n<\/ul>\n<p>&nbsp;<\/p>\n<h2 class=\"titolo-h2\">CAMS-Produkte: greifbare Innovation f\u00fcr Recycling und Regeneration von Asphalt<\/h2>\n<p><b>CAMS<\/b><span style=\"font-weight: 400;\"> bietet eine Reihe von Produkten und technisch-produktiven L\u00f6sungen f\u00fcr das Recycling und die optimale Nutzung von Rohstoffen im Stra\u00dfenbau. Zu den wichtigsten Produkten, die Sie sehen k\u00f6nnen, geh\u00f6ren:<\/span><\/p>\n<ul>\n<li style=\"font-weight: 400;\" aria-level=\"1\"><b>Mobile Recycling-Einheiten<\/b><span style=\"font-weight: 400;\">: transportierbare Maschinen, die Recyclingarbeiten direkt vor Ort erm\u00f6glichen und dadurch Zeit, Logistikkosten und transportbedingte Emissionen reduzieren.<\/span><\/li>\n<li style=\"font-weight: 400;\" aria-level=\"1\"><b>Modulare Schlitten-Systeme<\/b><span style=\"font-weight: 400;\">: modulare Komponenten, die sich an die verschiedenen Produktionsphasen anpassen: Nachbearbeitung, Wiederverwendung des Mischgutes, Regeneration, Lagerung.<\/span><\/li>\n<\/ul>\n<p><b>Anlagen zur Regeneration von Asphaltmischgut<\/b><span style=\"font-weight: 400;\">: L\u00f6sungen, die die mechanischen Eigenschaften des Materials wiederherstellen und die Haltbarkeit der Bel\u00e4ge verbessern.<\/span><\/p>\n<p>&nbsp;<\/p>\n<p style=\"text-align: center;\"><a href=\"https:\/\/eu.camsrecycling.com\/de\/produkte\/\"><span style=\"font-weight: 400;\">Entdecken Sie unsere Produkte<\/span><\/a><\/p>\n<p>&nbsp;<\/p>\n<h4>Kreislaufwirtschaft und Nachhaltigkeit im Stra\u00dfenbau<\/h4>\n<p><span style=\"font-weight: 400;\">Das Engagement von CAMS geht \u00fcber technologische Innovation hinaus: Ziel ist es, ein Modell f\u00fcr <\/span><b>nachhaltige Stra\u00dfeninfrastrukturen<\/b><span style=\"font-weight: 400;\"> zu f\u00f6rdern, bei dem der Lebenszyklus der Materialien ein integraler Bestandteil einer <\/span><b>gr\u00fcnen Strategie<\/b><span style=\"font-weight: 400;\"> ist.<\/span><\/p>\n<p><span style=\"font-weight: 400;\">Der <\/span><b>ciclo green dell\u2019asfalto<\/b><span style=\"font-weight: 400;\"> ist eine zentrale Herausforderung, um die Umweltbelastung durch Bauarbeiten zu reduzieren und gleichzeitig hohe Standards bei <\/span><b>Produktivit\u00e4t und Qualit\u00e4t<\/b><span style=\"font-weight: 400;\"> zu wahren.<\/span><\/p>\n<p>&nbsp;<\/p>\n<h2 class=\"titolo-h2\">Asphaltica World: Nachhaltigkeit und Kreislaufwirtschaft im Fokus<\/h2>\n<p><span style=\"font-weight: 400;\">Die Teilnahme an <\/span><b>Asphaltica World 2025<\/b><span style=\"font-weight: 400;\"> bedeutet den Austausch mit den wichtigsten Akteuren der Branche und die M\u00f6glichkeit, die L\u00f6sungen kennenzulernen, die die Zukunft der Stra\u00dfeninfrastruktur gestalten werden.<\/span><span style=\"font-weight: 400;\"><br \/>\n<\/span><span style=\"font-weight: 400;\"> Der <\/span><b>ciclo green dell\u2019asfalto<\/b><span style=\"font-weight: 400;\">, gef\u00f6rdert von CAMS, ist ein konkretes Beispiel daf\u00fcr, wie <\/span><b>Innovation und Umweltschutz<\/b><span style=\"font-weight: 400;\"> zusammenwirken und Wert f\u00fcr Unternehmen und Gemeinschaft schaffen k\u00f6nnen.<\/span><\/p>\n<p>&nbsp;<\/p>\n<p style=\"text-align: center;\"><a href=\"https:\/\/www.asphaltica.it\/home\/12987.html\"><span style=\"font-weight: 400;\">Mehr \u00fcber Asphaltica World erfahren<\/span><\/a><\/p>\n<h2 class=\"titolo-h2\">Entdecken Sie CAMS auf der Fiera del Levante in Bari<\/h2>\n<p><span style=\"font-weight: 400;\">M\u00f6chten Sie unsere L\u00f6sungen kennenlernen und an der Pr\u00e4sentation teilnehmen?<\/span><span style=\"font-weight: 400;\"><br \/>\n<\/span><span style=\"font-weight: 400;\"> Wir erwarten Sie vom <\/span><b>29. bis 31. Oktober 2025<\/b><span style=\"font-weight: 400;\"> auf der <\/span><b>Nuova Fiera del Levante in Bari<\/b><span style=\"font-weight: 400;\">:<\/span><\/p>\n<p><b>Pavillon 110 \u2013 Stand Nr. 32<\/b><b><br \/>\n<\/b><span style=\"font-weight: 400;\"> Workshop <\/span><b>30. Oktober, 15:00 \u2013 16:00 Uhr | Raum 4 \u2013 Kongresszentrum<\/b><\/p>\n<p><span style=\"font-weight: 400;\"><a href=\"https:\/\/eu.camsrecycling.com\/de\/kontakte\/\">Kontaktieren Sie uns<\/a> um <\/span><b>Ihr Eintrittsticket zu beantragen<\/b><span style=\"font-weight: 400;\">: eine einmalige Gelegenheit, die CAMS-Technologien im Dienste von Innovation und Nachhaltigkeit kennenzulernen.<\/span><\/p>\n<p style=\"color: #007a60; text-align: center;\"><strong>CAMS \u201cIL FUTURO \u00c8 VERDE\u201d<\/strong><\/p>\n<div style=\"text-align: center;\"><\/div>\n<div style=\"text-align: center;\"><div class=\"button_align align_center\"><a class=\"button  button_size_2\" href=\"https:\/\/eu.camsrecycling.com\/de\/kontakte\/\"     style=\"background-color:#007a60!important;color:#fff;\"     title=\"\"><span class=\"button_label\">Kontaktieren Sie uns<\/span><\/a><\/div>\n<\/div>\n<div><\/div>\n","protected":false},"excerpt":{"rendered":"<p>Dal 29. bis 31. Oktober 2025 wird CAMS Srl an Asphaltica World auf der Nuova Fiera del Levante in Bari, Pavillon 110 \u2013 Stand Nr. 32<span class=\"excerpt-hellip\"> [\u2026]<\/span><\/p>\n","protected":false},"author":17,"featured_media":10799,"comment_status":"open","ping_status":"closed","sticky":false,"template":"","format":"standard","meta":{"footnotes":""},"categories":[32],"tags":[],"class_list":["post-10764","post","type-post","status-publish","format-standard","has-post-thumbnail","hentry","category-ankundigungen"],"yoast_head":"<!-- This site is optimized with the Yoast SEO plugin v27.5 - https:\/\/yoast.com\/product\/yoast-seo-wordpress\/ -->\n<title>CAMS auf der Asphaltica World 2025: Gr\u00fcner Asphaltkreislauf<\/title>\n<meta name=\"description\" content=\"Vom 29. bis 31. Oktober 2025 erwartet Sie CAMS auf der Fiera del Levante in Bari, Pavillon 110 \u2013 Stand 32. Besuchen Sie uns\" \/>\n<meta name=\"robots\" content=\"index, follow, max-snippet:-1, max-image-preview:large, max-video-preview:-1\" \/>\n<link rel=\"canonical\" href=\"https:\/\/eu.camsrecycling.com\/de\/ankundigungen\/cams-asphaltica-world-bari-2025-ciclo-green-asfalto\/\" \/>\n<meta property=\"og:locale\" content=\"de_DE\" \/>\n<meta property=\"og:type\" content=\"article\" \/>\n<meta property=\"og:title\" content=\"CAMS auf der Asphaltica World 2025: Gr\u00fcner Asphaltkreislauf\" \/>\n<meta property=\"og:description\" content=\"Vom 29. bis 31. Oktober 2025 erwartet Sie CAMS auf der Fiera del Levante in Bari, Pavillon 110 \u2013 Stand 32. Besuchen Sie uns\" \/>\n<meta property=\"og:url\" content=\"https:\/\/eu.camsrecycling.com\/de\/ankundigungen\/cams-asphaltica-world-bari-2025-ciclo-green-asfalto\/\" \/>\n<meta property=\"og:site_name\" content=\"CAMS\" \/>\n<meta property=\"article:published_time\" content=\"2025-09-30T14:40:58+00:00\" \/>\n<meta property=\"article:modified_time\" content=\"2025-09-30T15:14:23+00:00\" \/>\n<meta property=\"og:image\" content=\"https:\/\/eu.camsrecycling.com\/wp-content\/uploads\/2025\/09\/Copertina-per-Wordpress-articoli-cams-5.jpg\" \/>\n\t<meta property=\"og:image:width\" content=\"1290\" \/>\n\t<meta property=\"og:image:height\" content=\"1265\" \/>\n\t<meta property=\"og:image:type\" content=\"image\/jpeg\" \/>\n<meta name=\"author\" content=\"Patrizia Papandrea\" \/>\n<meta name=\"twitter:card\" content=\"summary_large_image\" \/>\n<meta name=\"twitter:label1\" content=\"Verfasst von\" \/>\n\t<meta name=\"twitter:data1\" content=\"Patrizia Papandrea\" \/>\n\t<meta name=\"twitter:label2\" content=\"Gesch\u00e4tzte Lesezeit\" \/>\n\t<meta name=\"twitter:data2\" content=\"3\u00a0Minuten\" \/>\n<script type=\"application\/ld+json\" class=\"yoast-schema-graph\">{\"@context\":\"https:\\\/\\\/schema.org\",\"@graph\":[{\"@type\":\"Article\",\"@id\":\"https:\\\/\\\/eu.camsrecycling.com\\\/de\\\/ankundigungen\\\/cams-asphaltica-world-bari-2025-ciclo-green-asfalto\\\/#article\",\"isPartOf\":{\"@id\":\"https:\\\/\\\/eu.camsrecycling.com\\\/de\\\/ankundigungen\\\/cams-asphaltica-world-bari-2025-ciclo-green-asfalto\\\/\"},\"author\":{\"name\":\"Patrizia Papandrea\",\"@id\":\"https:\\\/\\\/eu.camsrecycling.com\\\/de\\\/#\\\/schema\\\/person\\\/453acb21be4a4c3c09d3ab9554d85c5c\"},\"headline\":\"CAMS auf der Asphaltica World 2025: Gr\u00fcner Asphaltkreislauf und nachhaltige Innovation\",\"datePublished\":\"2025-09-30T14:40:58+00:00\",\"dateModified\":\"2025-09-30T15:14:23+00:00\",\"mainEntityOfPage\":{\"@id\":\"https:\\\/\\\/eu.camsrecycling.com\\\/de\\\/ankundigungen\\\/cams-asphaltica-world-bari-2025-ciclo-green-asfalto\\\/\"},\"wordCount\":530,\"commentCount\":0,\"image\":{\"@id\":\"https:\\\/\\\/eu.camsrecycling.com\\\/de\\\/ankundigungen\\\/cams-asphaltica-world-bari-2025-ciclo-green-asfalto\\\/#primaryimage\"},\"thumbnailUrl\":\"https:\\\/\\\/eu.camsrecycling.com\\\/wp-content\\\/uploads\\\/2025\\\/09\\\/Copertina-per-Wordpress-articoli-cams-5.jpg\",\"articleSection\":[\"Ank\u00fcndigungen\"],\"inLanguage\":\"de\",\"potentialAction\":[{\"@type\":\"CommentAction\",\"name\":\"Comment\",\"target\":[\"https:\\\/\\\/eu.camsrecycling.com\\\/de\\\/ankundigungen\\\/cams-asphaltica-world-bari-2025-ciclo-green-asfalto\\\/#respond\"]}]},{\"@type\":\"WebPage\",\"@id\":\"https:\\\/\\\/eu.camsrecycling.com\\\/de\\\/ankundigungen\\\/cams-asphaltica-world-bari-2025-ciclo-green-asfalto\\\/\",\"url\":\"https:\\\/\\\/eu.camsrecycling.com\\\/de\\\/ankundigungen\\\/cams-asphaltica-world-bari-2025-ciclo-green-asfalto\\\/\",\"name\":\"CAMS auf der Asphaltica World 2025: Gr\u00fcner Asphaltkreislauf\",\"isPartOf\":{\"@id\":\"https:\\\/\\\/eu.camsrecycling.com\\\/de\\\/#website\"},\"primaryImageOfPage\":{\"@id\":\"https:\\\/\\\/eu.camsrecycling.com\\\/de\\\/ankundigungen\\\/cams-asphaltica-world-bari-2025-ciclo-green-asfalto\\\/#primaryimage\"},\"image\":{\"@id\":\"https:\\\/\\\/eu.camsrecycling.com\\\/de\\\/ankundigungen\\\/cams-asphaltica-world-bari-2025-ciclo-green-asfalto\\\/#primaryimage\"},\"thumbnailUrl\":\"https:\\\/\\\/eu.camsrecycling.com\\\/wp-content\\\/uploads\\\/2025\\\/09\\\/Copertina-per-Wordpress-articoli-cams-5.jpg\",\"datePublished\":\"2025-09-30T14:40:58+00:00\",\"dateModified\":\"2025-09-30T15:14:23+00:00\",\"author\":{\"@id\":\"https:\\\/\\\/eu.camsrecycling.com\\\/de\\\/#\\\/schema\\\/person\\\/453acb21be4a4c3c09d3ab9554d85c5c\"},\"description\":\"Vom 29. bis 31. Oktober 2025 erwartet Sie CAMS auf der Fiera del Levante in Bari, Pavillon 110 \u2013 Stand 32. Besuchen Sie uns\",\"breadcrumb\":{\"@id\":\"https:\\\/\\\/eu.camsrecycling.com\\\/de\\\/ankundigungen\\\/cams-asphaltica-world-bari-2025-ciclo-green-asfalto\\\/#breadcrumb\"},\"inLanguage\":\"de\",\"potentialAction\":[{\"@type\":\"ReadAction\",\"target\":[\"https:\\\/\\\/eu.camsrecycling.com\\\/de\\\/ankundigungen\\\/cams-asphaltica-world-bari-2025-ciclo-green-asfalto\\\/\"]}]},{\"@type\":\"ImageObject\",\"inLanguage\":\"de\",\"@id\":\"https:\\\/\\\/eu.camsrecycling.com\\\/de\\\/ankundigungen\\\/cams-asphaltica-world-bari-2025-ciclo-green-asfalto\\\/#primaryimage\",\"url\":\"https:\\\/\\\/eu.camsrecycling.com\\\/wp-content\\\/uploads\\\/2025\\\/09\\\/Copertina-per-Wordpress-articoli-cams-5.jpg\",\"contentUrl\":\"https:\\\/\\\/eu.camsrecycling.com\\\/wp-content\\\/uploads\\\/2025\\\/09\\\/Copertina-per-Wordpress-articoli-cams-5.jpg\",\"width\":1290,\"height\":1265},{\"@type\":\"BreadcrumbList\",\"@id\":\"https:\\\/\\\/eu.camsrecycling.com\\\/de\\\/ankundigungen\\\/cams-asphaltica-world-bari-2025-ciclo-green-asfalto\\\/#breadcrumb\",\"itemListElement\":[{\"@type\":\"ListItem\",\"position\":1,\"name\":\"Home\",\"item\":\"https:\\\/\\\/eu.camsrecycling.com\\\/de\\\/\"},{\"@type\":\"ListItem\",\"position\":2,\"name\":\"CAMS auf der Asphaltica World 2025: Gr\u00fcner Asphaltkreislauf und nachhaltige Innovation\"}]},{\"@type\":\"WebSite\",\"@id\":\"https:\\\/\\\/eu.camsrecycling.com\\\/de\\\/#website\",\"url\":\"https:\\\/\\\/eu.camsrecycling.com\\\/de\\\/\",\"name\":\"CAMS\",\"description\":\"IL FUTURO \u00c8 VERDE\",\"potentialAction\":[{\"@type\":\"SearchAction\",\"target\":{\"@type\":\"EntryPoint\",\"urlTemplate\":\"https:\\\/\\\/eu.camsrecycling.com\\\/de\\\/?s={search_term_string}\"},\"query-input\":{\"@type\":\"PropertyValueSpecification\",\"valueRequired\":true,\"valueName\":\"search_term_string\"}}],\"inLanguage\":\"de\"},{\"@type\":\"Person\",\"@id\":\"https:\\\/\\\/eu.camsrecycling.com\\\/de\\\/#\\\/schema\\\/person\\\/453acb21be4a4c3c09d3ab9554d85c5c\",\"name\":\"Patrizia Papandrea\",\"image\":{\"@type\":\"ImageObject\",\"inLanguage\":\"de\",\"@id\":\"https:\\\/\\\/secure.gravatar.com\\\/avatar\\\/1e51109206942233a442f9feaa52f3eb80fa02324e1a48b3a89b04e00fd0c581?s=96&d=mm&r=g\",\"url\":\"https:\\\/\\\/secure.gravatar.com\\\/avatar\\\/1e51109206942233a442f9feaa52f3eb80fa02324e1a48b3a89b04e00fd0c581?s=96&d=mm&r=g\",\"contentUrl\":\"https:\\\/\\\/secure.gravatar.com\\\/avatar\\\/1e51109206942233a442f9feaa52f3eb80fa02324e1a48b3a89b04e00fd0c581?s=96&d=mm&r=g\",\"caption\":\"Patrizia Papandrea\"}}]}<\/script>\n<!-- \/ Yoast SEO plugin. -->","yoast_head_json":{"title":"CAMS auf der Asphaltica World 2025: Gr\u00fcner Asphaltkreislauf","description":"Vom 29. bis 31. Oktober 2025 erwartet Sie CAMS auf der Fiera del Levante in Bari, Pavillon 110 \u2013 Stand 32. Besuchen Sie uns","robots":{"index":"index","follow":"follow","max-snippet":"max-snippet:-1","max-image-preview":"max-image-preview:large","max-video-preview":"max-video-preview:-1"},"canonical":"https:\/\/eu.camsrecycling.com\/de\/ankundigungen\/cams-asphaltica-world-bari-2025-ciclo-green-asfalto\/","og_locale":"de_DE","og_type":"article","og_title":"CAMS auf der Asphaltica World 2025: Gr\u00fcner Asphaltkreislauf","og_description":"Vom 29. bis 31. Oktober 2025 erwartet Sie CAMS auf der Fiera del Levante in Bari, Pavillon 110 \u2013 Stand 32. Besuchen Sie uns","og_url":"https:\/\/eu.camsrecycling.com\/de\/ankundigungen\/cams-asphaltica-world-bari-2025-ciclo-green-asfalto\/","og_site_name":"CAMS","article_published_time":"2025-09-30T14:40:58+00:00","article_modified_time":"2025-09-30T15:14:23+00:00","og_image":[{"width":1290,"height":1265,"url":"https:\/\/eu.camsrecycling.com\/wp-content\/uploads\/2025\/09\/Copertina-per-Wordpress-articoli-cams-5.jpg","type":"image\/jpeg"}],"author":"Patrizia Papandrea","twitter_card":"summary_large_image","twitter_misc":{"Verfasst von":"Patrizia Papandrea","Gesch\u00e4tzte Lesezeit":"3\u00a0Minuten"},"schema":{"@context":"https:\/\/schema.org","@graph":[{"@type":"Article","@id":"https:\/\/eu.camsrecycling.com\/de\/ankundigungen\/cams-asphaltica-world-bari-2025-ciclo-green-asfalto\/#article","isPartOf":{"@id":"https:\/\/eu.camsrecycling.com\/de\/ankundigungen\/cams-asphaltica-world-bari-2025-ciclo-green-asfalto\/"},"author":{"name":"Patrizia Papandrea","@id":"https:\/\/eu.camsrecycling.com\/de\/#\/schema\/person\/453acb21be4a4c3c09d3ab9554d85c5c"},"headline":"CAMS auf der Asphaltica World 2025: Gr\u00fcner Asphaltkreislauf und nachhaltige Innovation","datePublished":"2025-09-30T14:40:58+00:00","dateModified":"2025-09-30T15:14:23+00:00","mainEntityOfPage":{"@id":"https:\/\/eu.camsrecycling.com\/de\/ankundigungen\/cams-asphaltica-world-bari-2025-ciclo-green-asfalto\/"},"wordCount":530,"commentCount":0,"image":{"@id":"https:\/\/eu.camsrecycling.com\/de\/ankundigungen\/cams-asphaltica-world-bari-2025-ciclo-green-asfalto\/#primaryimage"},"thumbnailUrl":"https:\/\/eu.camsrecycling.com\/wp-content\/uploads\/2025\/09\/Copertina-per-Wordpress-articoli-cams-5.jpg","articleSection":["Ank\u00fcndigungen"],"inLanguage":"de","potentialAction":[{"@type":"CommentAction","name":"Comment","target":["https:\/\/eu.camsrecycling.com\/de\/ankundigungen\/cams-asphaltica-world-bari-2025-ciclo-green-asfalto\/#respond"]}]},{"@type":"WebPage","@id":"https:\/\/eu.camsrecycling.com\/de\/ankundigungen\/cams-asphaltica-world-bari-2025-ciclo-green-asfalto\/","url":"https:\/\/eu.camsrecycling.com\/de\/ankundigungen\/cams-asphaltica-world-bari-2025-ciclo-green-asfalto\/","name":"CAMS auf der Asphaltica World 2025: Gr\u00fcner Asphaltkreislauf","isPartOf":{"@id":"https:\/\/eu.camsrecycling.com\/de\/#website"},"primaryImageOfPage":{"@id":"https:\/\/eu.camsrecycling.com\/de\/ankundigungen\/cams-asphaltica-world-bari-2025-ciclo-green-asfalto\/#primaryimage"},"image":{"@id":"https:\/\/eu.camsrecycling.com\/de\/ankundigungen\/cams-asphaltica-world-bari-2025-ciclo-green-asfalto\/#primaryimage"},"thumbnailUrl":"https:\/\/eu.camsrecycling.com\/wp-content\/uploads\/2025\/09\/Copertina-per-Wordpress-articoli-cams-5.jpg","datePublished":"2025-09-30T14:40:58+00:00","dateModified":"2025-09-30T15:14:23+00:00","author":{"@id":"https:\/\/eu.camsrecycling.com\/de\/#\/schema\/person\/453acb21be4a4c3c09d3ab9554d85c5c"},"description":"Vom 29. bis 31. Oktober 2025 erwartet Sie CAMS auf der Fiera del Levante in Bari, Pavillon 110 \u2013 Stand 32. Besuchen Sie uns","breadcrumb":{"@id":"https:\/\/eu.camsrecycling.com\/de\/ankundigungen\/cams-asphaltica-world-bari-2025-ciclo-green-asfalto\/#breadcrumb"},"inLanguage":"de","potentialAction":[{"@type":"ReadAction","target":["https:\/\/eu.camsrecycling.com\/de\/ankundigungen\/cams-asphaltica-world-bari-2025-ciclo-green-asfalto\/"]}]},{"@type":"ImageObject","inLanguage":"de","@id":"https:\/\/eu.camsrecycling.com\/de\/ankundigungen\/cams-asphaltica-world-bari-2025-ciclo-green-asfalto\/#primaryimage","url":"https:\/\/eu.camsrecycling.com\/wp-content\/uploads\/2025\/09\/Copertina-per-Wordpress-articoli-cams-5.jpg","contentUrl":"https:\/\/eu.camsrecycling.com\/wp-content\/uploads\/2025\/09\/Copertina-per-Wordpress-articoli-cams-5.jpg","width":1290,"height":1265},{"@type":"BreadcrumbList","@id":"https:\/\/eu.camsrecycling.com\/de\/ankundigungen\/cams-asphaltica-world-bari-2025-ciclo-green-asfalto\/#breadcrumb","itemListElement":[{"@type":"ListItem","position":1,"name":"Home","item":"https:\/\/eu.camsrecycling.com\/de\/"},{"@type":"ListItem","position":2,"name":"CAMS auf der Asphaltica World 2025: Gr\u00fcner Asphaltkreislauf und nachhaltige Innovation"}]},{"@type":"WebSite","@id":"https:\/\/eu.camsrecycling.com\/de\/#website","url":"https:\/\/eu.camsrecycling.com\/de\/","name":"CAMS","description":"IL FUTURO \u00c8 VERDE","potentialAction":[{"@type":"SearchAction","target":{"@type":"EntryPoint","urlTemplate":"https:\/\/eu.camsrecycling.com\/de\/?s={search_term_string}"},"query-input":{"@type":"PropertyValueSpecification","valueRequired":true,"valueName":"search_term_string"}}],"inLanguage":"de"},{"@type":"Person","@id":"https:\/\/eu.camsrecycling.com\/de\/#\/schema\/person\/453acb21be4a4c3c09d3ab9554d85c5c","name":"Patrizia Papandrea","image":{"@type":"ImageObject","inLanguage":"de","@id":"https:\/\/secure.gravatar.com\/avatar\/1e51109206942233a442f9feaa52f3eb80fa02324e1a48b3a89b04e00fd0c581?s=96&d=mm&r=g","url":"https:\/\/secure.gravatar.com\/avatar\/1e51109206942233a442f9feaa52f3eb80fa02324e1a48b3a89b04e00fd0c581?s=96&d=mm&r=g","contentUrl":"https:\/\/secure.gravatar.com\/avatar\/1e51109206942233a442f9feaa52f3eb80fa02324e1a48b3a89b04e00fd0c581?s=96&d=mm&r=g","caption":"Patrizia Papandrea"}}]}},"_links":{"self":[{"href":"https:\/\/eu.camsrecycling.com\/de\/wp-json\/wp\/v2\/posts\/10764","targetHints":{"allow":["GET"]}}],"collection":[{"href":"https:\/\/eu.camsrecycling.com\/de\/wp-json\/wp\/v2\/posts"}],"about":[{"href":"https:\/\/eu.camsrecycling.com\/de\/wp-json\/wp\/v2\/types\/post"}],"author":[{"embeddable":true,"href":"https:\/\/eu.camsrecycling.com\/de\/wp-json\/wp\/v2\/users\/17"}],"replies":[{"embeddable":true,"href":"https:\/\/eu.camsrecycling.com\/de\/wp-json\/wp\/v2\/comments?post=10764"}],"version-history":[{"count":3,"href":"https:\/\/eu.camsrecycling.com\/de\/wp-json\/wp\/v2\/posts\/10764\/revisions"}],"predecessor-version":[{"id":10804,"href":"https:\/\/eu.camsrecycling.com\/de\/wp-json\/wp\/v2\/posts\/10764\/revisions\/10804"}],"wp:featuredmedia":[{"embeddable":true,"href":"https:\/\/eu.camsrecycling.com\/de\/wp-json\/wp\/v2\/media\/10799"}],"wp:attachment":[{"href":"https:\/\/eu.camsrecycling.com\/de\/wp-json\/wp\/v2\/media?parent=10764"}],"wp:term":[{"taxonomy":"category","embeddable":true,"href":"https:\/\/eu.camsrecycling.com\/de\/wp-json\/wp\/v2\/categories?post=10764"},{"taxonomy":"post_tag","embeddable":true,"href":"https:\/\/eu.camsrecycling.com\/de\/wp-json\/wp\/v2\/tags?post=10764"}],"curies":[{"name":"wp","href":"https:\/\/api.w.org\/{rel}","templated":true}]}}