{"id":10984,"date":"2026-03-10T10:21:55","date_gmt":"2026-03-10T08:21:55","guid":{"rendered":"https:\/\/eu.camsrecycling.com\/unkategorisiert\/cams-conexpo-2026-utm-1500g-mg7-super-e\/"},"modified":"2026-03-10T11:33:36","modified_gmt":"2026-03-10T09:33:36","slug":"cams-conexpo-2026-utm-1500g-mg7-super-e","status":"publish","type":"post","link":"https:\/\/eu.camsrecycling.com\/de\/ankundigungen\/cams-conexpo-2026-utm-1500g-mg7-super-e\/","title":{"rendered":"Conexpo 2026: innovazione nel riciclo e nella pavimentazione con UTM 1500G e MG7 Super-e"},"content":{"rendered":"<p data-start=\"71\" data-end=\"238\"><strong data-start=\"71\" data-end=\"236\">Vom 3. bis 7. M\u00e4rz 2026 wird CAMS auf der CONEXPO in Las Vegas vertreten sein, einer der wichtigsten internationalen Messen f\u00fcr die Bau- und Erdbewegungsbranche.<\/strong><\/p>\n<p data-start=\"240\" data-end=\"547\">An dieser Stelle werden wir zwei technologische L\u00f6sungen vorstellen, die sich dem <strong data-start=\"322\" data-end=\"350\">Recycling von Baustoffen<\/strong> und der <strong data-start=\"359\" data-end=\"381\">Stra\u00dfenbefestigung<\/strong> widmen, und unser Engagement f\u00fcr die Entwicklung von Maschinen, die zunehmend <strong data-start=\"460\" data-end=\"500\">effizient, nachhaltig und vielseitig<\/strong> f\u00fcr moderne Baustellen sind, unterstreichen.<\/p>\n<p data-start=\"549\" data-end=\"671\">Unsere Pr\u00e4senz auf der CONEXPO erfolgt \u00fcber das <strong data-start=\"597\" data-end=\"617\">US-Vertriebsnetz<\/strong>, in Zusammenarbeit mit zwei strategischen Partnern:<\/p>\n<ul data-start=\"673\" data-end=\"956\">\n<li data-section-id=\"4v8wpy\" data-start=\"673\" data-end=\"806\">\n<p data-start=\"675\" data-end=\"806\"><strong data-start=\"675\" data-end=\"704\">GrinderCrusherScreen Inc.<\/strong>, wo wir die <strong data-start=\"717\" data-end=\"784\">Weltpremiere des neuen hybriden mobilen Zerkleinerers UTM 1500G<\/strong> pr\u00e4sentieren werden<\/p>\n<\/li>\n<li data-section-id=\"rrerqx\" data-start=\"807\" data-end=\"956\">\n<p data-start=\"809\" data-end=\"956\"><strong data-start=\"809\" data-end=\"833\">Hitek Equipment Inc.<\/strong>, die die <strong data-start=\"843\" data-end=\"888\">kompakte Mini-Asphaltfertiger MG7 Super-e<\/strong> der Marke Malavasi ausstellen, die heute Teil der CAMS-Gruppe ist<\/p>\n<\/li>\n<\/ul>\n<p data-start=\"958\" data-end=\"1153\">Die Teilnahme an der Messe stellt f\u00fcr uns einen weiteren Schritt in der <strong data-start=\"1030\" data-end=\"1076\">Entwicklung des nordamerikanischen Marktes<\/strong> und in der Integration von <strong data-start=\"1104\" data-end=\"1129\">Malavasi-Technologien<\/strong> in unser Angebot dar.<\/p>\n<h3 data-section-id=\"we1lxp\" data-start=\"1160\" data-end=\"1241\"><strong data-start=\"1164\" data-end=\"1241\">UTM 1500G: der neue hybride mobile Zerkleinerer f\u00fcr das Materialrecycling<\/strong><\/h3>\n<p data-start=\"1243\" data-end=\"1477\">\n<p><img loading=\"lazy\" decoding=\"async\" class=\"wp-image-10958 size-large aligncenter\" src=\"https:\/\/eu.camsrecycling.com\/wp-content\/uploads\/2026\/03\/IMG_20260114_092954-1024x768.jpg\" alt=\"\" width=\"1024\" height=\"768\" srcset=\"https:\/\/eu.camsrecycling.com\/wp-content\/uploads\/2026\/03\/IMG_20260114_092954-1024x768.jpg 1024w, https:\/\/eu.camsrecycling.com\/wp-content\/uploads\/2026\/03\/IMG_20260114_092954-300x225.jpg 300w, https:\/\/eu.camsrecycling.com\/wp-content\/uploads\/2026\/03\/IMG_20260114_092954-768x576.jpg 768w, https:\/\/eu.camsrecycling.com\/wp-content\/uploads\/2026\/03\/IMG_20260114_092954-1536x1152.jpg 1536w, https:\/\/eu.camsrecycling.com\/wp-content\/uploads\/2026\/03\/IMG_20260114_092954-100x75.jpg 100w, https:\/\/eu.camsrecycling.com\/wp-content\/uploads\/2026\/03\/IMG_20260114_092954-960x720.jpg 960w, https:\/\/eu.camsrecycling.com\/wp-content\/uploads\/2026\/03\/IMG_20260114_092954-480x360.jpg 480w, https:\/\/eu.camsrecycling.com\/wp-content\/uploads\/2026\/03\/IMG_20260114_092954.jpg 1920w\" sizes=\"auto, (max-width:767px) 480px, (max-width:1024px) 100vw, 1024px\" \/><\/p>\n<h3 data-section-id=\"we1lxp\" data-start=\"1160\" data-end=\"1241\"><strong data-start=\"1164\" data-end=\"1241\">UTM 1500G: der neue hybride mobile Zerkleinerer f\u00fcr das Materialrecycling<\/strong><\/h3>\n<p data-start=\"1243\" data-end=\"1477\">Zu den Hauptneuheiten, die wir auf der <strong data-start=\"1282\" data-end=\"1298\">CONEXPO 2026<\/strong> vorstellen, geh\u00f6rt der <strong data-start=\"1322\" data-end=\"1335\">UTM 1500G<\/strong>, eine mobile Anlage, die f\u00fcr das <strong data-start=\"1369\" data-end=\"1459\">Zerkleinern und Recyceln von Baustoffen, Asphalt, Bauschutt, Holz und Mischmaterialien<\/strong> konzipiert ist.<\/p>\n<p data-start=\"1479\" data-end=\"1617\">Wir haben diese Maschine entwickelt, um <strong data-start=\"1519\" data-end=\"1597\">hohe Leistung, maximale Betriebsvielseitigkeit und geringe Umweltbelastung<\/strong> zu gew\u00e4hrleisten.<\/p>\n<h4 data-start=\"1619\" data-end=\"1674\"><strong data-start=\"1624\" data-end=\"1674\">Hohe Leistung und Produktivit\u00e4t bis zu 200 t\/h<\/strong><\/h4>\n<p data-start=\"1676\" data-end=\"1880\">Das Herzst\u00fcck der Anlage ist der <strong data-start=\"1709\" data-end=\"1734\">FTR 1500 Zerkleinerer<\/strong>, ausgestattet mit einer <strong data-start=\"1759\" data-end=\"1798\">Einf\u00fcll\u00f6ffnung von 1.500 \u00d7 1.000 mm<\/strong>, die eine Produktionskapazit\u00e4t von bis zu <strong data-start=\"1841\" data-end=\"1866\">200 Tonnen pro Stunde<\/strong> erm\u00f6glicht.<\/p>\n<p data-start=\"1882\" data-end=\"1916\">Wesentliche technische Merkmale:<\/p>\n<ul data-start=\"1918\" data-end=\"2061\">\n<li data-section-id=\"cc5a5c\" data-start=\"1918\" data-end=\"1943\">\n<p data-start=\"1920\" data-end=\"1943\"><strong data-start=\"1920\" data-end=\"1941\">Kipptrichter 3 m\u00b3<\/strong><\/p>\n<\/li>\n<li data-section-id=\"15j3twg\" data-start=\"1944\" data-end=\"1970\">\n<p data-start=\"1946\" data-end=\"1970\"><strong data-start=\"1946\" data-end=\"1968\">Auslaufband 800 mm<\/strong><\/p>\n<\/li>\n<li data-section-id=\"1s65e95\" data-start=\"1971\" data-end=\"2027\">\n<p data-start=\"1973\" data-end=\"2027\"><strong data-start=\"1973\" data-end=\"2025\">Kompakte Abmessungen (11.100 \u00d7 2.320 \u00d7 3.100 mm)<\/strong><\/p>\n<\/li>\n<li data-section-id=\"1nz48tk\" data-start=\"2028\" data-end=\"2061\">\n<p data-start=\"2030\" data-end=\"2061\"><strong data-start=\"2030\" data-end=\"2059\">Betriebsgewicht 19.500 kg<\/strong><\/p>\n<\/li>\n<\/ul>\n<p data-start=\"2063\" data-end=\"2241\">Diese Eigenschaften gew\u00e4hrleisten <strong data-start=\"2097\" data-end=\"2166\">einfache Transport- und Installationsm\u00f6glichkeiten auf Baustellen<\/strong>, w\u00e4hrend gleichzeitig <strong data-start=\"2189\" data-end=\"2219\">hohe Produktivit\u00e4tsniveaus<\/strong> beibehalten werden.<\/p>\n<h4 data-start=\"2243\" data-end=\"2317\"><strong data-start=\"2248\" data-end=\"2317\">Hybride Antriebstechnologie f\u00fcr mehr Effizienz und Nachhaltigkeit<\/strong><\/h4>\n<p data-start=\"2319\" data-end=\"2439\">Ein besonderes Merkmal der <strong data-start=\"2346\" data-end=\"2359\">UTM-Serie<\/strong> ist das <strong data-start=\"2368\" data-end=\"2394\">hybride Antriebssystem<\/strong>, das der Maschine erm\u00f6glicht, zu arbeiten:<\/p>\n<ul data-start=\"2441\" data-end=\"2576\">\n<li data-section-id=\"q1a2rr\" data-start=\"2441\" data-end=\"2504\">\n<p data-start=\"2443\" data-end=\"2504\">im <strong data-start=\"2446\" data-end=\"2470\">Diesel-Elektro-Modus<\/strong> \u00fcber den integrierten Generator<\/p>\n<\/li>\n<li data-section-id=\"vu2wvd\" data-start=\"2505\" data-end=\"2576\">\n<p data-start=\"2507\" data-end=\"2576\">oder <strong data-start=\"2512\" data-end=\"2538\">vollst\u00e4ndig elektrisch<\/strong>, wodurch der Dieselantrieb entf\u00e4llt<\/p>\n<\/li>\n<\/ul>\n<p data-start=\"2578\" data-end=\"2730\">Diese L\u00f6sung tr\u00e4gt dazu bei, <strong data-start=\"2607\" data-end=\"2673\">Emissionen, Energieverbrauch und Umweltbelastung zu reduzieren<\/strong> und gleichzeitig die <strong data-start=\"2695\" data-end=\"2716\">Betriebseffizienz<\/strong> zu erh\u00f6hen.<\/p>\n<p data-start=\"2732\" data-end=\"2938\">Die <strong data-start=\"2736\" data-end=\"2781\">langsame Drehung der Zerkleinerungswellen<\/strong> hilft zus\u00e4tzlich, <strong data-start=\"2800\" data-end=\"2832\">L\u00e4rm und Staub zu minimieren<\/strong>, sodass die Anlage auch in <strong data-start=\"2860\" data-end=\"2912\">st\u00e4dtischen oder empfindlichen Einsatzumgebungen<\/strong> eingesetzt werden kann.<\/p>\n<h4 data-start=\"2940\" data-end=\"2988\"><strong data-start=\"2945\" data-end=\"2988\">Technologische Ausstattung und Optionen<\/strong><\/h4>\n<p data-start=\"2990\" data-end=\"3163\">Der <strong data-start=\"2994\" data-end=\"3007\">UTM 1500G<\/strong> verf\u00fcgt \u00fcber zahlreiche Funktionen, die darauf ausgelegt sind, <strong data-start=\"3071\" data-end=\"3150\">die Zerkleinerungsprozesse zu optimieren und Stillstandzeiten zu reduzieren<\/strong>, darunter:<\/p>\n<ul data-start=\"3165\" data-end=\"3349\">\n<li data-section-id=\"1ssc6ub\" data-start=\"3165\" data-end=\"3224\">\n<p data-start=\"3167\" data-end=\"3224\"><strong data-start=\"3167\" data-end=\"3222\">Automatikprogramme f\u00fcr unterschiedliche Materialien<\/strong><\/p>\n<\/li>\n<li data-section-id=\"cq4sky\" data-start=\"3225\" data-end=\"3279\">\n<p data-start=\"3227\" data-end=\"3279\"><strong data-start=\"3227\" data-end=\"3277\">F\u00e4higkeit, auch nasses Material zu verarbeiten<\/strong><\/p>\n<\/li>\n<li data-section-id=\"oxi85y\" data-start=\"3280\" data-end=\"3313\">\n<p data-start=\"3282\" data-end=\"3313\"><strong data-start=\"3282\" data-end=\"3311\">Geringer Energieverbrauch<\/strong><\/p>\n<\/li>\n<li data-section-id=\"1guh11f\" data-start=\"3314\" data-end=\"3349\">\n<p data-start=\"3316\" data-end=\"3349\"><strong data-start=\"3316\" data-end=\"3347\">Verschlei\u00dffeste Komponenten<\/strong><\/p>\n<\/li>\n<\/ul>\n<p data-start=\"3351\" data-end=\"3373\">Verf\u00fcgbare Optionen:<\/p>\n<ul data-start=\"3375\" data-end=\"3538\">\n<li data-section-id=\"q9fhfq\" data-start=\"3375\" data-end=\"3406\">\n<p data-start=\"3377\" data-end=\"3406\"><strong data-start=\"3377\" data-end=\"3404\">Integriertes Wagesystem<\/strong><\/p>\n<\/li>\n<li data-section-id=\"1k1d0q1\" data-start=\"3407\" data-end=\"3440\">\n<p data-start=\"3409\" data-end=\"3440\"><strong data-start=\"3409\" data-end=\"3438\">Staubunterdr\u00fcckungssystem<\/strong><\/p>\n<\/li>\n<li data-section-id=\"17o5xr0\" data-start=\"3441\" data-end=\"3472\">\n<p data-start=\"3443\" data-end=\"3472\"><strong data-start=\"3443\" data-end=\"3470\">Automatische Schmierung<\/strong><\/p>\n<\/li>\n<li data-section-id=\"smep74\" data-start=\"3473\" data-end=\"3508\">\n<p data-start=\"3475\" data-end=\"3508\"><strong data-start=\"3475\" data-end=\"3506\">GPS f\u00fcr Betriebs\u00fcberwachung<\/strong><\/p>\n<\/li>\n<li data-section-id=\"d1c9j6\" data-start=\"3509\" data-end=\"3538\">\n<p data-start=\"3511\" data-end=\"3538\"><strong data-start=\"3511\" data-end=\"3536\">Hydraulische Schieber<\/strong><\/p>\n<\/li>\n<\/ul>\n<p data-start=\"3540\" data-end=\"3689\">Zudem ist ein <strong data-start=\"3554\" data-end=\"3591\">CAT C7.1 Stage V 200 kW Generator<\/strong> mit einem <strong data-start=\"3602\" data-end=\"3637\">MeccAlte 350 kVA Wechselrichter<\/strong> und einem <strong data-start=\"3648\" data-end=\"3676\">200-Liter-Kraftstofftank<\/strong> verf\u00fcgbar.<\/p>\n<h3 data-section-id=\"1by0jgd\" data-start=\"3696\" data-end=\"3781\"><strong data-start=\"3700\" data-end=\"3781\">MG7 Super-e Malavasi: kompakter Asphaltfertiger f\u00fcr die Stra\u00dfeninstandhaltung<\/strong><\/h3>\n<p data-start=\"3783\" data-end=\"4023\">Neben unseren Recyclingtechnologien pr\u00e4sentieren wir auf der <strong data-start=\"3844\" data-end=\"3855\">CONEXPO<\/strong> auch eine L\u00f6sung f\u00fcr den <strong data-start=\"3881\" data-end=\"3895\">Stra\u00dfenbau<\/strong>: den <strong data-start=\"3901\" data-end=\"3929\">MG7 Super-e von Malavasi<\/strong>, einen kompakten Mini-Asphaltfertiger f\u00fcr <strong data-start=\"3972\" data-end=\"4020\">Wartungsarbeiten und kleine Pflasterprojekte<\/strong>.<\/p>\n<p data-start=\"4025\" data-end=\"4073\">Der <strong data-start=\"4029\" data-end=\"4044\">MG7 Super-e<\/strong> eignet sich besonders f\u00fcr:<\/p>\n<ul data-start=\"4075\" data-end=\"4179\">\n<li data-section-id=\"1oi2oni\" data-start=\"4075\" data-end=\"4104\">\n<p data-start=\"4077\" data-end=\"4104\"><strong data-start=\"4077\" data-end=\"4102\">Stra\u00dfeninstandhaltung<\/strong><\/p>\n<\/li>\n<li data-section-id=\"3d62xp\" data-start=\"4105\" data-end=\"4125\">\n<p data-start=\"4107\" data-end=\"4125\"><strong data-start=\"4107\" data-end=\"4123\">B\u00fcrgersteige<\/strong><\/p>\n<\/li>\n<li data-section-id=\"170ks2b\" data-start=\"4126\" data-end=\"4144\">\n<p data-start=\"4128\" data-end=\"4144\"><strong data-start=\"4128\" data-end=\"4142\">Parkpl\u00e4tze<\/strong><\/p>\n<\/li>\n<li data-section-id=\"17y9xef\" data-start=\"4145\" data-end=\"4179\">\n<p data-start=\"4147\" data-end=\"4179\"><strong data-start=\"4147\" data-end=\"4177\">Kleine st\u00e4dtische Projekte<\/strong><\/p>\n<\/li>\n<\/ul>\n<p data-start=\"4181\" data-end=\"4398\">Dank seiner <strong data-start=\"4193\" data-end=\"4243\">kompakten Abmessungen und hohen Vielseitigkeit<\/strong> erm\u00f6glicht er, <strong data-start=\"4259\" data-end=\"4341\">Arbeitskr\u00e4fte zu reduzieren, die Einsatzzeiten zu verk\u00fcrzen und Betriebskosten<\/strong> im Vergleich zu traditionellen Methoden zu optimieren.<\/p>\n<h4 data-start=\"4400\" data-end=\"4438\"><strong data-start=\"4405\" data-end=\"4438\">Pr\u00e4zision und Verlegequalit\u00e4t<\/strong><\/h4>\n<p data-start=\"4440\" data-end=\"4476\">Der Fertiger ist ausgestattet mit:<\/p>\n<ul data-start=\"4478\" data-end=\"4654\">\n<li data-section-id=\"149cevq\" data-start=\"4478\" data-end=\"4553\">\n<p data-start=\"4480\" data-end=\"4553\"><strong data-start=\"4480\" data-end=\"4517\">Elektrisch beheiztem Schotterbett<\/strong>, f\u00fcr optimale Temperaturkontrolle<\/p>\n<\/li>\n<li data-section-id=\"o8xspm\" data-start=\"4554\" data-end=\"4654\">\n<p data-start=\"4556\" data-end=\"4654\"><strong data-start=\"4556\" data-end=\"4594\">Integriertem elektrischen Vibrator<\/strong>, zur Verbesserung der Verdichtung und Oberfl\u00e4chenqualit\u00e4t<\/p>\n<\/li>\n<\/ul>\n<p data-start=\"4656\" data-end=\"4713\">Das Verlegebett bietet <strong data-start=\"4679\" data-end=\"4710\">hohe operative Flexibilit\u00e4t<\/strong>:<\/p>\n<ul data-start=\"4715\" data-end=\"4818\">\n<li data-section-id=\"11051cs\" data-start=\"4715\" data-end=\"4754\">\n<p data-start=\"4717\" data-end=\"4754\"><strong data-start=\"4717\" data-end=\"4735\">Verlegebreite:<\/strong> 30 cm bis 200 cm<\/p>\n<\/li>\n<li data-section-id=\"3r5j33\" data-start=\"4755\" data-end=\"4792\">\n<p data-start=\"4757\" data-end=\"4792\"><strong data-start=\"4757\" data-end=\"4774\">Verlegedicke:<\/strong> -5 cm bis 25 cm<\/p>\n<\/li>\n<li data-section-id=\"c0512n\" data-start=\"4793\" data-end=\"4818\">\n<p data-start=\"4795\" data-end=\"4818\"><strong data-start=\"4795\" data-end=\"4807\">Neigung:<\/strong> bis -10\u00b0<\/p>\n<\/li>\n<\/ul>\n<p data-start=\"4820\" data-end=\"4989\">Die Maschine erreicht zudem eine <strong data-start=\"4853\" data-end=\"4900\">Vorschubgeschwindigkeit von bis zu 18 m\/min<\/strong>, was eine <strong data-start=\"4911\" data-end=\"4972\">gleichm\u00e4\u00dfige Asphaltverlegung und verk\u00fcrzte Arbeitszeiten<\/strong> gew\u00e4hrleistet.<\/p>\n<p data-start=\"4991\" data-end=\"5093\">Zu den verf\u00fcgbaren Optionen geh\u00f6rt ein <strong data-start=\"5030\" data-end=\"5090\">200-Liter-Emulsionsbeh\u00e4lter mit integriertem Spr\u00fchsystem<\/strong>.<\/p>\n<p data-start=\"5100\" data-end=\"5425\">\n<p data-start=\"5100\" data-end=\"5425\">Mit unserer Teilnahme an der <strong data-start=\"5129\" data-end=\"5145\">CONEXPO 2026<\/strong> m\u00f6chten wir weiterhin unsere Vision von <strong data-start=\"5186\" data-end=\"5265\">Innovation und Nachhaltigkeit im Recycling- und Stra\u00dfeninfrastrukturbereich<\/strong> teilen. Die vorgestellten L\u00f6sungen spiegeln unser Engagement wider, <strong data-start=\"5334\" data-end=\"5408\">immer effizientere, vielseitigere und umweltfreundlichere Technologien<\/strong> zu entwickeln.<\/p>\n<p data-start=\"5427\" data-end=\"5529\">Wir freuen uns darauf, Sie <strong data-start=\"5454\" data-end=\"5526\">vor Ort zu unseren Maschinen zu f\u00fchren und unser Team kennenzulernen<\/strong>:<\/p>\n<ul data-start=\"5531\" data-end=\"5723\">\n<li data-section-id=\"ti3c7d\" data-start=\"5531\" data-end=\"5633\">\n<p data-start=\"5533\" data-end=\"5633\"><strong data-start=\"5533\" data-end=\"5591\">GrinderCrusherScreen Inc. \u2013 Central Hall, Stand C20348<\/strong>, mit der Weltpremiere des <strong data-start=\"5618\" data-end=\"5631\">UTM 1500G<\/strong><\/p>\n<\/li>\n<li data-section-id=\"1npi3wq\" data-start=\"5634\" data-end=\"5723\">\n<p data-start=\"5636\" data-end=\"5723\"><strong data-start=\"5636\" data-end=\"5687\">Hitek Equipment Inc. \u2013 Silver Lot, Stand SV3105<\/strong>, mit dem <strong data-start=\"5697\" data-end=\"5721\">MG7 Super-e Malavasi<\/strong><\/p>\n<\/li>\n<\/ul>\n<p style=\"color: #007a60; text-align: center;\"><strong>Cams \u201cIL FUTURO \u00c8 VERDE\u201d<\/strong><\/p>\n<div style=\"text-align: center;\"><\/div>\n<div style=\"text-align: center;\"><div class=\"button_align align_center\"><a class=\"button  button_size_2\" href=\"https:\/\/eu.camsrecycling.com\/de\/kontakte\/\"     style=\"background-color:#007a60!important;color:#fff;\"     title=\"\"><span class=\"button_label\">Kontaktieren Sie uns<\/span><\/a><\/div>\n<\/div>\n","protected":false},"excerpt":{"rendered":"<p>Vom 3. bis 7. M\u00e4rz 2026 wird CAMS auf der CONEXPO in Las Vegas vertreten sein, einer der wichtigsten internationalen Messen f\u00fcr die Bau- und Erdbewegungsbranche.<span class=\"excerpt-hellip\"> [\u2026]<\/span><\/p>\n","protected":false},"author":21,"featured_media":10986,"comment_status":"open","ping_status":"closed","sticky":false,"template":"","format":"standard","meta":{"footnotes":""},"categories":[32],"tags":[],"class_list":["post-10984","post","type-post","status-publish","format-standard","has-post-thumbnail","hentry","category-ankundigungen"],"yoast_head":"<!-- This site is optimized with the Yoast SEO plugin v27.4 - https:\/\/yoast.com\/product\/yoast-seo-wordpress\/ -->\n<title>CAMS auf der CONEXPO 2026: Recycling und Stra\u00dfenbau<\/title>\n<meta name=\"description\" content=\"CAMS auf der CONEXPO 2026: UTM 1500G und MG7 Super-e f\u00fcr Recycling und Stra\u00dfeninstandhaltung.\" \/>\n<meta name=\"robots\" content=\"index, follow, max-snippet:-1, max-image-preview:large, max-video-preview:-1\" \/>\n<link rel=\"canonical\" href=\"https:\/\/eu.camsrecycling.com\/de\/ankundigungen\/cams-conexpo-2026-utm-1500g-mg7-super-e\/\" \/>\n<meta property=\"og:locale\" content=\"de_DE\" \/>\n<meta property=\"og:type\" content=\"article\" \/>\n<meta property=\"og:title\" content=\"CAMS auf der CONEXPO 2026: Recycling und Stra\u00dfenbau\" \/>\n<meta property=\"og:description\" content=\"CAMS auf der CONEXPO 2026: UTM 1500G und MG7 Super-e f\u00fcr Recycling und Stra\u00dfeninstandhaltung.\" \/>\n<meta property=\"og:url\" content=\"https:\/\/eu.camsrecycling.com\/de\/ankundigungen\/cams-conexpo-2026-utm-1500g-mg7-super-e\/\" \/>\n<meta property=\"og:site_name\" content=\"CAMS\" \/>\n<meta property=\"article:published_time\" content=\"2026-03-10T08:21:55+00:00\" \/>\n<meta property=\"article:modified_time\" content=\"2026-03-10T09:33:36+00:00\" \/>\n<meta property=\"og:image\" content=\"https:\/\/eu.camsrecycling.com\/wp-content\/uploads\/2026\/03\/Copertina-per-Wordpress-articoli-cams-2.jpg\" \/>\n\t<meta property=\"og:image:width\" content=\"1290\" \/>\n\t<meta property=\"og:image:height\" content=\"1265\" \/>\n\t<meta property=\"og:image:type\" content=\"image\/jpeg\" \/>\n<meta name=\"author\" content=\"patrizia\" \/>\n<meta name=\"twitter:card\" content=\"summary_large_image\" \/>\n<meta name=\"twitter:label1\" content=\"Verfasst von\" \/>\n\t<meta name=\"twitter:data1\" content=\"patrizia\" \/>\n\t<meta name=\"twitter:label2\" content=\"Gesch\u00e4tzte Lesezeit\" \/>\n\t<meta name=\"twitter:data2\" content=\"4\u00a0Minuten\" \/>\n<script type=\"application\/ld+json\" class=\"yoast-schema-graph\">{\"@context\":\"https:\\\/\\\/schema.org\",\"@graph\":[{\"@type\":\"Article\",\"@id\":\"https:\\\/\\\/eu.camsrecycling.com\\\/de\\\/ankundigungen\\\/cams-conexpo-2026-utm-1500g-mg7-super-e\\\/#article\",\"isPartOf\":{\"@id\":\"https:\\\/\\\/eu.camsrecycling.com\\\/de\\\/ankundigungen\\\/cams-conexpo-2026-utm-1500g-mg7-super-e\\\/\"},\"author\":{\"name\":\"patrizia\",\"@id\":\"https:\\\/\\\/eu.camsrecycling.com\\\/de\\\/#\\\/schema\\\/person\\\/da5ad279740e514f20902ca55a12bc87\"},\"headline\":\"Conexpo 2026: innovazione nel riciclo e nella pavimentazione con UTM 1500G e MG7 Super-e\",\"datePublished\":\"2026-03-10T08:21:55+00:00\",\"dateModified\":\"2026-03-10T09:33:36+00:00\",\"mainEntityOfPage\":{\"@id\":\"https:\\\/\\\/eu.camsrecycling.com\\\/de\\\/ankundigungen\\\/cams-conexpo-2026-utm-1500g-mg7-super-e\\\/\"},\"wordCount\":745,\"commentCount\":0,\"image\":{\"@id\":\"https:\\\/\\\/eu.camsrecycling.com\\\/de\\\/ankundigungen\\\/cams-conexpo-2026-utm-1500g-mg7-super-e\\\/#primaryimage\"},\"thumbnailUrl\":\"https:\\\/\\\/eu.camsrecycling.com\\\/wp-content\\\/uploads\\\/2026\\\/03\\\/Copertina-per-Wordpress-articoli-cams-2.jpg\",\"articleSection\":[\"Ank\u00fcndigungen\"],\"inLanguage\":\"de\",\"potentialAction\":[{\"@type\":\"CommentAction\",\"name\":\"Comment\",\"target\":[\"https:\\\/\\\/eu.camsrecycling.com\\\/de\\\/ankundigungen\\\/cams-conexpo-2026-utm-1500g-mg7-super-e\\\/#respond\"]}]},{\"@type\":\"WebPage\",\"@id\":\"https:\\\/\\\/eu.camsrecycling.com\\\/de\\\/ankundigungen\\\/cams-conexpo-2026-utm-1500g-mg7-super-e\\\/\",\"url\":\"https:\\\/\\\/eu.camsrecycling.com\\\/de\\\/ankundigungen\\\/cams-conexpo-2026-utm-1500g-mg7-super-e\\\/\",\"name\":\"CAMS auf der CONEXPO 2026: Recycling und Stra\u00dfenbau\",\"isPartOf\":{\"@id\":\"https:\\\/\\\/eu.camsrecycling.com\\\/de\\\/#website\"},\"primaryImageOfPage\":{\"@id\":\"https:\\\/\\\/eu.camsrecycling.com\\\/de\\\/ankundigungen\\\/cams-conexpo-2026-utm-1500g-mg7-super-e\\\/#primaryimage\"},\"image\":{\"@id\":\"https:\\\/\\\/eu.camsrecycling.com\\\/de\\\/ankundigungen\\\/cams-conexpo-2026-utm-1500g-mg7-super-e\\\/#primaryimage\"},\"thumbnailUrl\":\"https:\\\/\\\/eu.camsrecycling.com\\\/wp-content\\\/uploads\\\/2026\\\/03\\\/Copertina-per-Wordpress-articoli-cams-2.jpg\",\"datePublished\":\"2026-03-10T08:21:55+00:00\",\"dateModified\":\"2026-03-10T09:33:36+00:00\",\"author\":{\"@id\":\"https:\\\/\\\/eu.camsrecycling.com\\\/de\\\/#\\\/schema\\\/person\\\/da5ad279740e514f20902ca55a12bc87\"},\"description\":\"CAMS auf der CONEXPO 2026: UTM 1500G und MG7 Super-e f\u00fcr Recycling und Stra\u00dfeninstandhaltung.\",\"breadcrumb\":{\"@id\":\"https:\\\/\\\/eu.camsrecycling.com\\\/de\\\/ankundigungen\\\/cams-conexpo-2026-utm-1500g-mg7-super-e\\\/#breadcrumb\"},\"inLanguage\":\"de\",\"potentialAction\":[{\"@type\":\"ReadAction\",\"target\":[\"https:\\\/\\\/eu.camsrecycling.com\\\/de\\\/ankundigungen\\\/cams-conexpo-2026-utm-1500g-mg7-super-e\\\/\"]}]},{\"@type\":\"ImageObject\",\"inLanguage\":\"de\",\"@id\":\"https:\\\/\\\/eu.camsrecycling.com\\\/de\\\/ankundigungen\\\/cams-conexpo-2026-utm-1500g-mg7-super-e\\\/#primaryimage\",\"url\":\"https:\\\/\\\/eu.camsrecycling.com\\\/wp-content\\\/uploads\\\/2026\\\/03\\\/Copertina-per-Wordpress-articoli-cams-2.jpg\",\"contentUrl\":\"https:\\\/\\\/eu.camsrecycling.com\\\/wp-content\\\/uploads\\\/2026\\\/03\\\/Copertina-per-Wordpress-articoli-cams-2.jpg\",\"width\":1290,\"height\":1265},{\"@type\":\"BreadcrumbList\",\"@id\":\"https:\\\/\\\/eu.camsrecycling.com\\\/de\\\/ankundigungen\\\/cams-conexpo-2026-utm-1500g-mg7-super-e\\\/#breadcrumb\",\"itemListElement\":[{\"@type\":\"ListItem\",\"position\":1,\"name\":\"Home\",\"item\":\"https:\\\/\\\/eu.camsrecycling.com\\\/de\\\/\"},{\"@type\":\"ListItem\",\"position\":2,\"name\":\"Conexpo 2026: innovazione nel riciclo e nella pavimentazione con UTM 1500G e MG7 Super-e\"}]},{\"@type\":\"WebSite\",\"@id\":\"https:\\\/\\\/eu.camsrecycling.com\\\/de\\\/#website\",\"url\":\"https:\\\/\\\/eu.camsrecycling.com\\\/de\\\/\",\"name\":\"CAMS\",\"description\":\"IL FUTURO \u00c8 VERDE\",\"potentialAction\":[{\"@type\":\"SearchAction\",\"target\":{\"@type\":\"EntryPoint\",\"urlTemplate\":\"https:\\\/\\\/eu.camsrecycling.com\\\/de\\\/?s={search_term_string}\"},\"query-input\":{\"@type\":\"PropertyValueSpecification\",\"valueRequired\":true,\"valueName\":\"search_term_string\"}}],\"inLanguage\":\"de\"},{\"@type\":\"Person\",\"@id\":\"https:\\\/\\\/eu.camsrecycling.com\\\/de\\\/#\\\/schema\\\/person\\\/da5ad279740e514f20902ca55a12bc87\",\"name\":\"patrizia\",\"image\":{\"@type\":\"ImageObject\",\"inLanguage\":\"de\",\"@id\":\"https:\\\/\\\/secure.gravatar.com\\\/avatar\\\/0ee6d6e5db29c650b930d28bcd9d670b21ad2d2ff7398c0ba587ab8b3e93e9fd?s=96&d=mm&r=g\",\"url\":\"https:\\\/\\\/secure.gravatar.com\\\/avatar\\\/0ee6d6e5db29c650b930d28bcd9d670b21ad2d2ff7398c0ba587ab8b3e93e9fd?s=96&d=mm&r=g\",\"contentUrl\":\"https:\\\/\\\/secure.gravatar.com\\\/avatar\\\/0ee6d6e5db29c650b930d28bcd9d670b21ad2d2ff7398c0ba587ab8b3e93e9fd?s=96&d=mm&r=g\",\"caption\":\"patrizia\"}}]}<\/script>\n<!-- \/ Yoast SEO plugin. -->","yoast_head_json":{"title":"CAMS auf der CONEXPO 2026: Recycling und Stra\u00dfenbau","description":"CAMS auf der CONEXPO 2026: UTM 1500G und MG7 Super-e f\u00fcr Recycling und Stra\u00dfeninstandhaltung.","robots":{"index":"index","follow":"follow","max-snippet":"max-snippet:-1","max-image-preview":"max-image-preview:large","max-video-preview":"max-video-preview:-1"},"canonical":"https:\/\/eu.camsrecycling.com\/de\/ankundigungen\/cams-conexpo-2026-utm-1500g-mg7-super-e\/","og_locale":"de_DE","og_type":"article","og_title":"CAMS auf der CONEXPO 2026: Recycling und Stra\u00dfenbau","og_description":"CAMS auf der CONEXPO 2026: UTM 1500G und MG7 Super-e f\u00fcr Recycling und Stra\u00dfeninstandhaltung.","og_url":"https:\/\/eu.camsrecycling.com\/de\/ankundigungen\/cams-conexpo-2026-utm-1500g-mg7-super-e\/","og_site_name":"CAMS","article_published_time":"2026-03-10T08:21:55+00:00","article_modified_time":"2026-03-10T09:33:36+00:00","og_image":[{"width":1290,"height":1265,"url":"https:\/\/eu.camsrecycling.com\/wp-content\/uploads\/2026\/03\/Copertina-per-Wordpress-articoli-cams-2.jpg","type":"image\/jpeg"}],"author":"patrizia","twitter_card":"summary_large_image","twitter_misc":{"Verfasst von":"patrizia","Gesch\u00e4tzte Lesezeit":"4\u00a0Minuten"},"schema":{"@context":"https:\/\/schema.org","@graph":[{"@type":"Article","@id":"https:\/\/eu.camsrecycling.com\/de\/ankundigungen\/cams-conexpo-2026-utm-1500g-mg7-super-e\/#article","isPartOf":{"@id":"https:\/\/eu.camsrecycling.com\/de\/ankundigungen\/cams-conexpo-2026-utm-1500g-mg7-super-e\/"},"author":{"name":"patrizia","@id":"https:\/\/eu.camsrecycling.com\/de\/#\/schema\/person\/da5ad279740e514f20902ca55a12bc87"},"headline":"Conexpo 2026: innovazione nel riciclo e nella pavimentazione con UTM 1500G e MG7 Super-e","datePublished":"2026-03-10T08:21:55+00:00","dateModified":"2026-03-10T09:33:36+00:00","mainEntityOfPage":{"@id":"https:\/\/eu.camsrecycling.com\/de\/ankundigungen\/cams-conexpo-2026-utm-1500g-mg7-super-e\/"},"wordCount":745,"commentCount":0,"image":{"@id":"https:\/\/eu.camsrecycling.com\/de\/ankundigungen\/cams-conexpo-2026-utm-1500g-mg7-super-e\/#primaryimage"},"thumbnailUrl":"https:\/\/eu.camsrecycling.com\/wp-content\/uploads\/2026\/03\/Copertina-per-Wordpress-articoli-cams-2.jpg","articleSection":["Ank\u00fcndigungen"],"inLanguage":"de","potentialAction":[{"@type":"CommentAction","name":"Comment","target":["https:\/\/eu.camsrecycling.com\/de\/ankundigungen\/cams-conexpo-2026-utm-1500g-mg7-super-e\/#respond"]}]},{"@type":"WebPage","@id":"https:\/\/eu.camsrecycling.com\/de\/ankundigungen\/cams-conexpo-2026-utm-1500g-mg7-super-e\/","url":"https:\/\/eu.camsrecycling.com\/de\/ankundigungen\/cams-conexpo-2026-utm-1500g-mg7-super-e\/","name":"CAMS auf der CONEXPO 2026: Recycling und Stra\u00dfenbau","isPartOf":{"@id":"https:\/\/eu.camsrecycling.com\/de\/#website"},"primaryImageOfPage":{"@id":"https:\/\/eu.camsrecycling.com\/de\/ankundigungen\/cams-conexpo-2026-utm-1500g-mg7-super-e\/#primaryimage"},"image":{"@id":"https:\/\/eu.camsrecycling.com\/de\/ankundigungen\/cams-conexpo-2026-utm-1500g-mg7-super-e\/#primaryimage"},"thumbnailUrl":"https:\/\/eu.camsrecycling.com\/wp-content\/uploads\/2026\/03\/Copertina-per-Wordpress-articoli-cams-2.jpg","datePublished":"2026-03-10T08:21:55+00:00","dateModified":"2026-03-10T09:33:36+00:00","author":{"@id":"https:\/\/eu.camsrecycling.com\/de\/#\/schema\/person\/da5ad279740e514f20902ca55a12bc87"},"description":"CAMS auf der CONEXPO 2026: UTM 1500G und MG7 Super-e f\u00fcr Recycling und Stra\u00dfeninstandhaltung.","breadcrumb":{"@id":"https:\/\/eu.camsrecycling.com\/de\/ankundigungen\/cams-conexpo-2026-utm-1500g-mg7-super-e\/#breadcrumb"},"inLanguage":"de","potentialAction":[{"@type":"ReadAction","target":["https:\/\/eu.camsrecycling.com\/de\/ankundigungen\/cams-conexpo-2026-utm-1500g-mg7-super-e\/"]}]},{"@type":"ImageObject","inLanguage":"de","@id":"https:\/\/eu.camsrecycling.com\/de\/ankundigungen\/cams-conexpo-2026-utm-1500g-mg7-super-e\/#primaryimage","url":"https:\/\/eu.camsrecycling.com\/wp-content\/uploads\/2026\/03\/Copertina-per-Wordpress-articoli-cams-2.jpg","contentUrl":"https:\/\/eu.camsrecycling.com\/wp-content\/uploads\/2026\/03\/Copertina-per-Wordpress-articoli-cams-2.jpg","width":1290,"height":1265},{"@type":"BreadcrumbList","@id":"https:\/\/eu.camsrecycling.com\/de\/ankundigungen\/cams-conexpo-2026-utm-1500g-mg7-super-e\/#breadcrumb","itemListElement":[{"@type":"ListItem","position":1,"name":"Home","item":"https:\/\/eu.camsrecycling.com\/de\/"},{"@type":"ListItem","position":2,"name":"Conexpo 2026: innovazione nel riciclo e nella pavimentazione con UTM 1500G e MG7 Super-e"}]},{"@type":"WebSite","@id":"https:\/\/eu.camsrecycling.com\/de\/#website","url":"https:\/\/eu.camsrecycling.com\/de\/","name":"CAMS","description":"IL FUTURO \u00c8 VERDE","potentialAction":[{"@type":"SearchAction","target":{"@type":"EntryPoint","urlTemplate":"https:\/\/eu.camsrecycling.com\/de\/?s={search_term_string}"},"query-input":{"@type":"PropertyValueSpecification","valueRequired":true,"valueName":"search_term_string"}}],"inLanguage":"de"},{"@type":"Person","@id":"https:\/\/eu.camsrecycling.com\/de\/#\/schema\/person\/da5ad279740e514f20902ca55a12bc87","name":"patrizia","image":{"@type":"ImageObject","inLanguage":"de","@id":"https:\/\/secure.gravatar.com\/avatar\/0ee6d6e5db29c650b930d28bcd9d670b21ad2d2ff7398c0ba587ab8b3e93e9fd?s=96&d=mm&r=g","url":"https:\/\/secure.gravatar.com\/avatar\/0ee6d6e5db29c650b930d28bcd9d670b21ad2d2ff7398c0ba587ab8b3e93e9fd?s=96&d=mm&r=g","contentUrl":"https:\/\/secure.gravatar.com\/avatar\/0ee6d6e5db29c650b930d28bcd9d670b21ad2d2ff7398c0ba587ab8b3e93e9fd?s=96&d=mm&r=g","caption":"patrizia"}}]}},"_links":{"self":[{"href":"https:\/\/eu.camsrecycling.com\/de\/wp-json\/wp\/v2\/posts\/10984","targetHints":{"allow":["GET"]}}],"collection":[{"href":"https:\/\/eu.camsrecycling.com\/de\/wp-json\/wp\/v2\/posts"}],"about":[{"href":"https:\/\/eu.camsrecycling.com\/de\/wp-json\/wp\/v2\/types\/post"}],"author":[{"embeddable":true,"href":"https:\/\/eu.camsrecycling.com\/de\/wp-json\/wp\/v2\/users\/21"}],"replies":[{"embeddable":true,"href":"https:\/\/eu.camsrecycling.com\/de\/wp-json\/wp\/v2\/comments?post=10984"}],"version-history":[{"count":2,"href":"https:\/\/eu.camsrecycling.com\/de\/wp-json\/wp\/v2\/posts\/10984\/revisions"}],"predecessor-version":[{"id":10991,"href":"https:\/\/eu.camsrecycling.com\/de\/wp-json\/wp\/v2\/posts\/10984\/revisions\/10991"}],"wp:featuredmedia":[{"embeddable":true,"href":"https:\/\/eu.camsrecycling.com\/de\/wp-json\/wp\/v2\/media\/10986"}],"wp:attachment":[{"href":"https:\/\/eu.camsrecycling.com\/de\/wp-json\/wp\/v2\/media?parent=10984"}],"wp:term":[{"taxonomy":"category","embeddable":true,"href":"https:\/\/eu.camsrecycling.com\/de\/wp-json\/wp\/v2\/categories?post=10984"},{"taxonomy":"post_tag","embeddable":true,"href":"https:\/\/eu.camsrecycling.com\/de\/wp-json\/wp\/v2\/tags?post=10984"}],"curies":[{"name":"wp","href":"https:\/\/api.w.org\/{rel}","templated":true}]}}