{"id":9647,"date":"2025-05-12T14:48:32","date_gmt":"2025-05-12T12:48:32","guid":{"rendered":"https:\/\/eu.camsrecycling.com\/unkategorisiert\/cams-bauma-2025-nuovo-centauro-75-25-macchina-ibrida-sostenibile\/"},"modified":"2025-08-26T17:46:17","modified_gmt":"2025-08-26T15:46:17","slug":"cams-bauma-2025-nuovo-centauro-75-25-macchina-ibrida-sostenibile","status":"publish","type":"post","link":"https:\/\/eu.camsrecycling.com\/de\/ankundigungen\/cams-bauma-2025-nuovo-centauro-75-25-macchina-ibrida-sostenibile\/","title":{"rendered":"Centauro 75.25: das kompakteste Modell der Serie \u2013 ohne Kompromisse"},"content":{"rendered":"<p data-start=\"69\" data-end=\"474\"><strong data-start=\"69\" data-end=\"154\">Bauma 2025 bot den perfekten Rahmen f\u00fcr die Weltpremiere des neuen Centauro 75.25<\/strong>, der neuesten Innovation von CAMS, dem italienischen Unternehmen, das f\u00fchrend in den Bereichen Zerkleinerungs-, Sieb- und Schredderanlagen ist. Mit diesem Modell beweist CAMS einmal mehr sein Engagement f\u00fcr eine gr\u00fcnere Zukunft \u2013 ohne Kompromisse bei der Leistung und Zuverl\u00e4ssigkeit, die seine Maschinen auszeichnen.<\/p>\n<h2 data-start=\"481\" data-end=\"553\">Centauro 75.25: das kompakteste Modell der Serie \u2013 ohne Kompromisse<\/h2>\n<p data-start=\"555\" data-end=\"1074\">Der <strong data-start=\"559\" data-end=\"577\">Centauro 75.25<\/strong> ist das kleinste Modell der Centauro-Serie, verk\u00f6rpert jedoch die gesamte Technologie und Ingenieursphilosophie, die diese Baureihe zu einem Ma\u00dfstab in der Branche gemacht haben. Es handelt sich um eine vollst\u00e4ndig mobile Maschine, die mit einem Vorzerkleinerer, einer Siebanlage und einem Magnetabscheider ausgestattet ist. Sie ist daf\u00fcr ausgelegt, direkt vor Ort zu arbeiten \u2013 selbst bei nassen oder schwierigen Materialien \u2013 und gleichzeitig eine konstant hohe Produktivit\u00e4t sicherzustellen.<\/p>\n<p data-start=\"1076\" data-end=\"1561\">Dank der patentierten Technologie von CAMS nutzt der Centauro 75.25 die <strong data-start=\"1148\" data-end=\"1164\">Scherwirkung<\/strong> zur Zerkleinerung von Materialien. Dies gew\u00e4hrleistet einen geringeren Energieverbrauch, eine deutliche Senkung der Betriebskosten und eine reduzierte Umweltbelastung. Das System ist sowohl in Hybridversion (Diesel\/Elektrisch) als auch in einer vollst\u00e4ndig elektrischen Ausf\u00fchrung erh\u00e4ltlich und kann per Funkfernbedienung gesteuert werden \u2013 f\u00fcr maximale Sicherheit und Flexibilit\u00e4t im Betrieb.<\/p>\n<p><img loading=\"lazy\" decoding=\"async\" class=\"aligncenter wp-image-9444 size-full\" src=\"https:\/\/eu.camsrecycling.com\/wp-content\/uploads\/2025\/05\/Cams-stand-at-Bauma_3-900x675-1.jpg\" alt=\"\" width=\"900\" height=\"675\" srcset=\"https:\/\/eu.camsrecycling.com\/wp-content\/uploads\/2025\/05\/Cams-stand-at-Bauma_3-900x675-1.jpg 900w, https:\/\/eu.camsrecycling.com\/wp-content\/uploads\/2025\/05\/Cams-stand-at-Bauma_3-900x675-1-300x225.jpg 300w, https:\/\/eu.camsrecycling.com\/wp-content\/uploads\/2025\/05\/Cams-stand-at-Bauma_3-900x675-1-768x576.jpg 768w, https:\/\/eu.camsrecycling.com\/wp-content\/uploads\/2025\/05\/Cams-stand-at-Bauma_3-900x675-1-100x75.jpg 100w, https:\/\/eu.camsrecycling.com\/wp-content\/uploads\/2025\/05\/Cams-stand-at-Bauma_3-900x675-1-480x360.jpg 480w\" sizes=\"auto, (max-width:767px) 480px, (max-width:900px) 100vw, 900px\" \/><\/p>\n<h2 class=\"titolo-h2\">Technische Daten des Centauro 75.25<\/h2>\n<p data-start=\"1610\" data-end=\"1679\">Zu den wichtigsten technischen Merkmalen des neuen Modells geh\u00f6ren:<\/p>\n<ul data-start=\"1681\" data-end=\"2025\">\n<li data-start=\"1681\" data-end=\"1726\">\n<p data-start=\"1683\" data-end=\"1726\"><strong data-start=\"1683\" data-end=\"1703\">Vorzerkleinerer:<\/strong> FTR 750 \u2013 750&#215;900 mm<\/p>\n<\/li>\n<li data-start=\"1727\" data-end=\"1772\">\n<p data-start=\"1729\" data-end=\"1772\"><strong data-start=\"1729\" data-end=\"1744\">Siebanlage:<\/strong> UVS 25\/1 \u2013 2.500&#215;1.000 mm<\/p>\n<\/li>\n<li data-start=\"1773\" data-end=\"1821\">\n<p data-start=\"1775\" data-end=\"1821\"><strong data-start=\"1775\" data-end=\"1795\">Aufgabetrichter:<\/strong> 1,6 m\u00b3 (2.800&#215;2.000 mm)<\/p>\n<\/li>\n<li data-start=\"1822\" data-end=\"1915\">\n<p data-start=\"1824\" data-end=\"1843\"><strong data-start=\"1824\" data-end=\"1841\">F\u00f6rderb\u00e4nder:<\/strong><\/p>\n<ul data-start=\"1846\" data-end=\"1915\">\n<li data-start=\"1846\" data-end=\"1865\">\n<p data-start=\"1848\" data-end=\"1865\">Aufgabe: 600 mm<\/p>\n<\/li>\n<li data-start=\"1868\" data-end=\"1892\">\n<p data-start=\"1870\" data-end=\"1892\">Feinmaterial: 800 mm<\/p>\n<\/li>\n<li data-start=\"1895\" data-end=\"1915\">\n<p data-start=\"1897\" data-end=\"1915\">\u00dcberkorn: 500 mm<\/p>\n<\/li>\n<\/ul>\n<\/li>\n<li data-start=\"1916\" data-end=\"1961\">\n<p data-start=\"1918\" data-end=\"1961\"><strong data-start=\"1918\" data-end=\"1934\">Dieselmotor:<\/strong> FTP F36 Stage V \u2013 105 kW<\/p>\n<\/li>\n<li data-start=\"1962\" data-end=\"1997\">\n<p data-start=\"1964\" data-end=\"1997\"><strong data-start=\"1964\" data-end=\"1978\">Generator:<\/strong> MeccAlte 165 kVA<\/p>\n<\/li>\n<li data-start=\"1998\" data-end=\"2025\">\n<p data-start=\"2000\" data-end=\"2025\"><strong data-start=\"2000\" data-end=\"2018\">Gesamtgewicht:<\/strong> 15 t<\/p>\n<\/li>\n<\/ul>\n<p data-start=\"2027\" data-end=\"2201\">Der <strong data-start=\"2031\" data-end=\"2049\">Centauro 75.25<\/strong> ist ein Hochleistungssystem f\u00fcr alle, die eine <strong data-start=\"2097\" data-end=\"2191\">kompakte, effiziente und umweltfreundliche L\u00f6sung f\u00fcr die Aufbereitung von Zuschlagstoffen<\/strong> suchen.<\/p>\n<p data-start=\"2203\" data-end=\"2270\">\n<p>&nbsp;<\/p>\n<h2 class=\"titolo-h2\">CAMS: Gr\u00fcnes Design und Philosophie \u2013 Mehr als nur Technologie<\/h2>\n<article class=\"text-token-text-primary w-full\" dir=\"auto\" data-testid=\"conversation-turn-16\" data-scroll-anchor=\"true\">\n<div class=\"text-base my-auto mx-auto py-5 [--thread-content-margin:--spacing(4)] @[37rem]:[--thread-content-margin:--spacing(6)] @[72rem]:[--thread-content-margin:--spacing(16)] px-(--thread-content-margin)\">\n<div class=\"[--thread-content-max-width:32rem] @[34rem]:[--thread-content-max-width:40rem] @[64rem]:[--thread-content-max-width:48rem] mx-auto flex max-w-(--thread-content-max-width) flex-1 text-base gap-4 md:gap-5 lg:gap-6 group\/turn-messages focus-visible:outline-hidden\" tabindex=\"-1\">\n<div class=\"group\/conversation-turn relative flex w-full min-w-0 flex-col agent-turn\">\n<div class=\"relative flex-col gap-1 md:gap-3\">\n<div class=\"flex max-w-full flex-col grow\">\n<div class=\"min-h-8 text-message relative flex w-full flex-col items-end gap-2 text-start break-words whitespace-normal [.text-message+&amp;]:mt-5\" dir=\"auto\" data-message-author-role=\"assistant\" data-message-id=\"40fa9188-d1e3-4b0e-8ae3-448d4e88d720\" data-message-model-slug=\"gpt-4o\">\n<div class=\"flex w-full flex-col gap-1 empty:hidden first:pt-[3px]\">\n<div class=\"markdown prose dark:prose-invert w-full break-words light\">\n<p data-start=\"2346\" data-end=\"2727\">Ein weiteres besonderes Merkmal des Centauro 75.25 ist sein neues exklusives Logo, entworfen vom Illustrator <strong data-start=\"2455\" data-end=\"2466\">burla22<\/strong>. Mit k\u00fcnstlerischem Ausdruck spiegelt das Design die Philosophie von CAMS wider: Recycling von Zuschlagstoffen und Schutz der Umwelt. Es ist ein visuelles Symbol daf\u00fcr, wie technologische Innovation mit Kreativit\u00e4t und Nachhaltigkeit Hand in Hand gehen kann.<\/p>\n<\/div>\n<\/div>\n<\/div>\n<\/div>\n<\/div>\n<div class=\"absolute\">\n<div class=\"flex items-center justify-center\"><\/div>\n<\/div>\n<\/div>\n<\/div>\n<\/div>\n<\/article>\n<div class=\"pointer-events-none h-px w-px\" aria-hidden=\"true\" data-edge=\"true\"><\/div>\n<p><img loading=\"lazy\" decoding=\"async\" class=\"aligncenter wp-image-9449 size-full\" src=\"https:\/\/eu.camsrecycling.com\/wp-content\/uploads\/2025\/05\/Cams-team-with-the-brand-new-machine-ready-to-leave-for-Bauma-900x675-1.jpg\" alt=\"\" width=\"900\" height=\"675\" srcset=\"https:\/\/eu.camsrecycling.com\/wp-content\/uploads\/2025\/05\/Cams-team-with-the-brand-new-machine-ready-to-leave-for-Bauma-900x675-1.jpg 900w, https:\/\/eu.camsrecycling.com\/wp-content\/uploads\/2025\/05\/Cams-team-with-the-brand-new-machine-ready-to-leave-for-Bauma-900x675-1-300x225.jpg 300w, https:\/\/eu.camsrecycling.com\/wp-content\/uploads\/2025\/05\/Cams-team-with-the-brand-new-machine-ready-to-leave-for-Bauma-900x675-1-768x576.jpg 768w, https:\/\/eu.camsrecycling.com\/wp-content\/uploads\/2025\/05\/Cams-team-with-the-brand-new-machine-ready-to-leave-for-Bauma-900x675-1-100x75.jpg 100w, https:\/\/eu.camsrecycling.com\/wp-content\/uploads\/2025\/05\/Cams-team-with-the-brand-new-machine-ready-to-leave-for-Bauma-900x675-1-480x360.jpg 480w\" sizes=\"auto, (max-width:767px) 480px, (max-width:900px) 100vw, 900px\" \/><\/p>\n<h2 class=\"titolo-h2\">CAMS auf der Bauma 2025: Innovation und Tradition im Dienst der Umwelt<\/h2>\n<p data-start=\"0\" data-end=\"335\">\u221a<\/p>\n<p data-start=\"2811\" data-end=\"3188\">Neben dem Centauro 75.25 stellte CAMS auch den <strong data-start=\"2858\" data-end=\"2884\">Centauro XL 150.69 APR<\/strong>, speziell f\u00fcr das Asphaltrecycling entwickelt, sowie den <strong data-start=\"2942\" data-end=\"2963\">Pavijet MG7 Super<\/strong>, einen kompakten Fertiger f\u00fcr multifunktionale Belagsarbeiten, vor. Dieses umfassende Angebot best\u00e4tigt die gr\u00fcne Ausrichtung des Unternehmens, die perfekt in seinem Leitsatz zusammengefasst ist: <strong data-start=\"3160\" data-end=\"3186\">\u201eThe future is green.\u201c<\/strong><\/p>\n<p data-start=\"3190\" data-end=\"3610\">Seit \u00fcber 20 Jahren entwickelt CAMS Maschinen f\u00fcr die Aufbereitung von Zuschlagstoffen, die mit <strong data-start=\"3286\" data-end=\"3328\">Hybrid- oder vollelektrischen Systemen<\/strong> betrieben werden. Damit tr\u00e4gt das Unternehmen aktiv zur \u00f6kologischen Transformation des Bausektors bei. Fachwissen, zertifizierte Qualit\u00e4t und ein konsequenter Fokus auf die Umweltwirkung machen CAMS zu einem <strong data-start=\"3538\" data-end=\"3607\">Referenzunternehmen in der europ\u00e4ischen Bautechnologie-Landschaft<\/strong>.<\/p>\n<p>&nbsp;<\/p>\n<p style=\"color: #007a60; text-align: center;\"><strong>Cams \u201cIL FUTURO \u00c8 VERDE\u201d<\/strong><\/p>\n<div style=\"text-align: center;\"><\/div>\n<div style=\"text-align: center;\"><div class=\"button_align align_center\"><a class=\"button  button_size_2\" href=\"https:\/\/eu.camsrecycling.com\/de\/kontakte\/\"     style=\"background-color:#007a60!important;color:#fff;\"     title=\"\"><span class=\"button_label\">Kontaktieren Sie uns<\/span><\/a><\/div>\n<\/div>\n<div><\/div>\n","protected":false},"excerpt":{"rendered":"<p>Bauma 2025 bot den perfekten Rahmen f\u00fcr die Weltpremiere des neuen Centauro 75.25, der neuesten Innovation von CAMS, dem italienischen Unternehmen, das f\u00fchrend in den Bereichen<span class=\"excerpt-hellip\"> [\u2026]<\/span><\/p>\n","protected":false},"author":17,"featured_media":9650,"comment_status":"open","ping_status":"closed","sticky":false,"template":"","format":"standard","meta":{"footnotes":""},"categories":[32],"tags":[],"class_list":["post-9647","post","type-post","status-publish","format-standard","has-post-thumbnail","hentry","category-ankundigungen"],"yoast_head":"<!-- This site is optimized with the Yoast SEO plugin v27.5 - https:\/\/yoast.com\/product\/yoast-seo-wordpress\/ -->\n<title>Centauro 75.25: das kompakteste Modell der Serie<\/title>\n<meta name=\"description\" content=\"Entdecken Sie den Centauro 75.25 von CAMS: die kompakte, mobile L\u00f6sung zum Zerkleinern und Sieben mit niedrigen Betriebskosten und gr\u00fcnem Design.\" \/>\n<meta name=\"robots\" content=\"index, follow, max-snippet:-1, max-image-preview:large, max-video-preview:-1\" \/>\n<link rel=\"canonical\" href=\"https:\/\/eu.camsrecycling.com\/de\/ankundigungen\/cams-bauma-2025-nuovo-centauro-75-25-macchina-ibrida-sostenibile\/\" \/>\n<meta property=\"og:locale\" content=\"de_DE\" \/>\n<meta property=\"og:type\" content=\"article\" \/>\n<meta property=\"og:title\" content=\"Centauro 75.25: das kompakteste Modell der Serie\" \/>\n<meta property=\"og:description\" content=\"Entdecken Sie den Centauro 75.25 von CAMS: die kompakte, mobile L\u00f6sung zum Zerkleinern und Sieben mit niedrigen Betriebskosten und gr\u00fcnem Design.\" \/>\n<meta property=\"og:url\" content=\"https:\/\/eu.camsrecycling.com\/de\/ankundigungen\/cams-bauma-2025-nuovo-centauro-75-25-macchina-ibrida-sostenibile\/\" \/>\n<meta property=\"og:site_name\" content=\"CAMS\" \/>\n<meta property=\"article:published_time\" content=\"2025-05-12T12:48:32+00:00\" \/>\n<meta property=\"article:modified_time\" content=\"2025-08-26T15:46:17+00:00\" \/>\n<meta property=\"og:image\" content=\"https:\/\/eu.camsrecycling.com\/wp-content\/uploads\/2025\/05\/Copertina-per-Wordpress-articoli-cams-9.jpg\" \/>\n\t<meta property=\"og:image:width\" content=\"1290\" \/>\n\t<meta property=\"og:image:height\" content=\"1265\" \/>\n\t<meta property=\"og:image:type\" content=\"image\/jpeg\" \/>\n<meta name=\"author\" content=\"Patrizia Papandrea\" \/>\n<meta name=\"twitter:card\" content=\"summary_large_image\" \/>\n<meta name=\"twitter:label1\" content=\"Verfasst von\" \/>\n\t<meta name=\"twitter:data1\" content=\"Patrizia Papandrea\" \/>\n\t<meta name=\"twitter:label2\" content=\"Gesch\u00e4tzte Lesezeit\" \/>\n\t<meta name=\"twitter:data2\" content=\"4\u00a0Minuten\" \/>\n<script type=\"application\/ld+json\" class=\"yoast-schema-graph\">{\"@context\":\"https:\\\/\\\/schema.org\",\"@graph\":[{\"@type\":\"Article\",\"@id\":\"https:\\\/\\\/eu.camsrecycling.com\\\/de\\\/ankundigungen\\\/cams-bauma-2025-nuovo-centauro-75-25-macchina-ibrida-sostenibile\\\/#article\",\"isPartOf\":{\"@id\":\"https:\\\/\\\/eu.camsrecycling.com\\\/de\\\/ankundigungen\\\/cams-bauma-2025-nuovo-centauro-75-25-macchina-ibrida-sostenibile\\\/\"},\"author\":{\"name\":\"Patrizia Papandrea\",\"@id\":\"https:\\\/\\\/eu.camsrecycling.com\\\/de\\\/#\\\/schema\\\/person\\\/453acb21be4a4c3c09d3ab9554d85c5c\"},\"headline\":\"Centauro 75.25: das kompakteste Modell der Serie \u2013 ohne Kompromisse\",\"datePublished\":\"2025-05-12T12:48:32+00:00\",\"dateModified\":\"2025-08-26T15:46:17+00:00\",\"mainEntityOfPage\":{\"@id\":\"https:\\\/\\\/eu.camsrecycling.com\\\/de\\\/ankundigungen\\\/cams-bauma-2025-nuovo-centauro-75-25-macchina-ibrida-sostenibile\\\/\"},\"wordCount\":493,\"commentCount\":0,\"image\":{\"@id\":\"https:\\\/\\\/eu.camsrecycling.com\\\/de\\\/ankundigungen\\\/cams-bauma-2025-nuovo-centauro-75-25-macchina-ibrida-sostenibile\\\/#primaryimage\"},\"thumbnailUrl\":\"https:\\\/\\\/eu.camsrecycling.com\\\/wp-content\\\/uploads\\\/2025\\\/05\\\/Copertina-per-Wordpress-articoli-cams-9.jpg\",\"articleSection\":[\"Ank\u00fcndigungen\"],\"inLanguage\":\"de\",\"potentialAction\":[{\"@type\":\"CommentAction\",\"name\":\"Comment\",\"target\":[\"https:\\\/\\\/eu.camsrecycling.com\\\/de\\\/ankundigungen\\\/cams-bauma-2025-nuovo-centauro-75-25-macchina-ibrida-sostenibile\\\/#respond\"]}]},{\"@type\":\"WebPage\",\"@id\":\"https:\\\/\\\/eu.camsrecycling.com\\\/de\\\/ankundigungen\\\/cams-bauma-2025-nuovo-centauro-75-25-macchina-ibrida-sostenibile\\\/\",\"url\":\"https:\\\/\\\/eu.camsrecycling.com\\\/de\\\/ankundigungen\\\/cams-bauma-2025-nuovo-centauro-75-25-macchina-ibrida-sostenibile\\\/\",\"name\":\"Centauro 75.25: das kompakteste Modell der Serie\",\"isPartOf\":{\"@id\":\"https:\\\/\\\/eu.camsrecycling.com\\\/de\\\/#website\"},\"primaryImageOfPage\":{\"@id\":\"https:\\\/\\\/eu.camsrecycling.com\\\/de\\\/ankundigungen\\\/cams-bauma-2025-nuovo-centauro-75-25-macchina-ibrida-sostenibile\\\/#primaryimage\"},\"image\":{\"@id\":\"https:\\\/\\\/eu.camsrecycling.com\\\/de\\\/ankundigungen\\\/cams-bauma-2025-nuovo-centauro-75-25-macchina-ibrida-sostenibile\\\/#primaryimage\"},\"thumbnailUrl\":\"https:\\\/\\\/eu.camsrecycling.com\\\/wp-content\\\/uploads\\\/2025\\\/05\\\/Copertina-per-Wordpress-articoli-cams-9.jpg\",\"datePublished\":\"2025-05-12T12:48:32+00:00\",\"dateModified\":\"2025-08-26T15:46:17+00:00\",\"author\":{\"@id\":\"https:\\\/\\\/eu.camsrecycling.com\\\/de\\\/#\\\/schema\\\/person\\\/453acb21be4a4c3c09d3ab9554d85c5c\"},\"description\":\"Entdecken Sie den Centauro 75.25 von CAMS: die kompakte, mobile L\u00f6sung zum Zerkleinern und Sieben mit niedrigen Betriebskosten und gr\u00fcnem Design.\",\"breadcrumb\":{\"@id\":\"https:\\\/\\\/eu.camsrecycling.com\\\/de\\\/ankundigungen\\\/cams-bauma-2025-nuovo-centauro-75-25-macchina-ibrida-sostenibile\\\/#breadcrumb\"},\"inLanguage\":\"de\",\"potentialAction\":[{\"@type\":\"ReadAction\",\"target\":[\"https:\\\/\\\/eu.camsrecycling.com\\\/de\\\/ankundigungen\\\/cams-bauma-2025-nuovo-centauro-75-25-macchina-ibrida-sostenibile\\\/\"]}]},{\"@type\":\"ImageObject\",\"inLanguage\":\"de\",\"@id\":\"https:\\\/\\\/eu.camsrecycling.com\\\/de\\\/ankundigungen\\\/cams-bauma-2025-nuovo-centauro-75-25-macchina-ibrida-sostenibile\\\/#primaryimage\",\"url\":\"https:\\\/\\\/eu.camsrecycling.com\\\/wp-content\\\/uploads\\\/2025\\\/05\\\/Copertina-per-Wordpress-articoli-cams-9.jpg\",\"contentUrl\":\"https:\\\/\\\/eu.camsrecycling.com\\\/wp-content\\\/uploads\\\/2025\\\/05\\\/Copertina-per-Wordpress-articoli-cams-9.jpg\",\"width\":1290,\"height\":1265},{\"@type\":\"BreadcrumbList\",\"@id\":\"https:\\\/\\\/eu.camsrecycling.com\\\/de\\\/ankundigungen\\\/cams-bauma-2025-nuovo-centauro-75-25-macchina-ibrida-sostenibile\\\/#breadcrumb\",\"itemListElement\":[{\"@type\":\"ListItem\",\"position\":1,\"name\":\"Home\",\"item\":\"https:\\\/\\\/eu.camsrecycling.com\\\/de\\\/\"},{\"@type\":\"ListItem\",\"position\":2,\"name\":\"Centauro 75.25: das kompakteste Modell der Serie \u2013 ohne Kompromisse\"}]},{\"@type\":\"WebSite\",\"@id\":\"https:\\\/\\\/eu.camsrecycling.com\\\/de\\\/#website\",\"url\":\"https:\\\/\\\/eu.camsrecycling.com\\\/de\\\/\",\"name\":\"CAMS\",\"description\":\"IL FUTURO \u00c8 VERDE\",\"potentialAction\":[{\"@type\":\"SearchAction\",\"target\":{\"@type\":\"EntryPoint\",\"urlTemplate\":\"https:\\\/\\\/eu.camsrecycling.com\\\/de\\\/?s={search_term_string}\"},\"query-input\":{\"@type\":\"PropertyValueSpecification\",\"valueRequired\":true,\"valueName\":\"search_term_string\"}}],\"inLanguage\":\"de\"},{\"@type\":\"Person\",\"@id\":\"https:\\\/\\\/eu.camsrecycling.com\\\/de\\\/#\\\/schema\\\/person\\\/453acb21be4a4c3c09d3ab9554d85c5c\",\"name\":\"Patrizia Papandrea\",\"image\":{\"@type\":\"ImageObject\",\"inLanguage\":\"de\",\"@id\":\"https:\\\/\\\/secure.gravatar.com\\\/avatar\\\/1e51109206942233a442f9feaa52f3eb80fa02324e1a48b3a89b04e00fd0c581?s=96&d=mm&r=g\",\"url\":\"https:\\\/\\\/secure.gravatar.com\\\/avatar\\\/1e51109206942233a442f9feaa52f3eb80fa02324e1a48b3a89b04e00fd0c581?s=96&d=mm&r=g\",\"contentUrl\":\"https:\\\/\\\/secure.gravatar.com\\\/avatar\\\/1e51109206942233a442f9feaa52f3eb80fa02324e1a48b3a89b04e00fd0c581?s=96&d=mm&r=g\",\"caption\":\"Patrizia Papandrea\"}}]}<\/script>\n<!-- \/ Yoast SEO plugin. -->","yoast_head_json":{"title":"Centauro 75.25: das kompakteste Modell der Serie","description":"Entdecken Sie den Centauro 75.25 von CAMS: die kompakte, mobile L\u00f6sung zum Zerkleinern und Sieben mit niedrigen Betriebskosten und gr\u00fcnem Design.","robots":{"index":"index","follow":"follow","max-snippet":"max-snippet:-1","max-image-preview":"max-image-preview:large","max-video-preview":"max-video-preview:-1"},"canonical":"https:\/\/eu.camsrecycling.com\/de\/ankundigungen\/cams-bauma-2025-nuovo-centauro-75-25-macchina-ibrida-sostenibile\/","og_locale":"de_DE","og_type":"article","og_title":"Centauro 75.25: das kompakteste Modell der Serie","og_description":"Entdecken Sie den Centauro 75.25 von CAMS: die kompakte, mobile L\u00f6sung zum Zerkleinern und Sieben mit niedrigen Betriebskosten und gr\u00fcnem Design.","og_url":"https:\/\/eu.camsrecycling.com\/de\/ankundigungen\/cams-bauma-2025-nuovo-centauro-75-25-macchina-ibrida-sostenibile\/","og_site_name":"CAMS","article_published_time":"2025-05-12T12:48:32+00:00","article_modified_time":"2025-08-26T15:46:17+00:00","og_image":[{"width":1290,"height":1265,"url":"https:\/\/eu.camsrecycling.com\/wp-content\/uploads\/2025\/05\/Copertina-per-Wordpress-articoli-cams-9.jpg","type":"image\/jpeg"}],"author":"Patrizia Papandrea","twitter_card":"summary_large_image","twitter_misc":{"Verfasst von":"Patrizia Papandrea","Gesch\u00e4tzte Lesezeit":"4\u00a0Minuten"},"schema":{"@context":"https:\/\/schema.org","@graph":[{"@type":"Article","@id":"https:\/\/eu.camsrecycling.com\/de\/ankundigungen\/cams-bauma-2025-nuovo-centauro-75-25-macchina-ibrida-sostenibile\/#article","isPartOf":{"@id":"https:\/\/eu.camsrecycling.com\/de\/ankundigungen\/cams-bauma-2025-nuovo-centauro-75-25-macchina-ibrida-sostenibile\/"},"author":{"name":"Patrizia Papandrea","@id":"https:\/\/eu.camsrecycling.com\/de\/#\/schema\/person\/453acb21be4a4c3c09d3ab9554d85c5c"},"headline":"Centauro 75.25: das kompakteste Modell der Serie \u2013 ohne Kompromisse","datePublished":"2025-05-12T12:48:32+00:00","dateModified":"2025-08-26T15:46:17+00:00","mainEntityOfPage":{"@id":"https:\/\/eu.camsrecycling.com\/de\/ankundigungen\/cams-bauma-2025-nuovo-centauro-75-25-macchina-ibrida-sostenibile\/"},"wordCount":493,"commentCount":0,"image":{"@id":"https:\/\/eu.camsrecycling.com\/de\/ankundigungen\/cams-bauma-2025-nuovo-centauro-75-25-macchina-ibrida-sostenibile\/#primaryimage"},"thumbnailUrl":"https:\/\/eu.camsrecycling.com\/wp-content\/uploads\/2025\/05\/Copertina-per-Wordpress-articoli-cams-9.jpg","articleSection":["Ank\u00fcndigungen"],"inLanguage":"de","potentialAction":[{"@type":"CommentAction","name":"Comment","target":["https:\/\/eu.camsrecycling.com\/de\/ankundigungen\/cams-bauma-2025-nuovo-centauro-75-25-macchina-ibrida-sostenibile\/#respond"]}]},{"@type":"WebPage","@id":"https:\/\/eu.camsrecycling.com\/de\/ankundigungen\/cams-bauma-2025-nuovo-centauro-75-25-macchina-ibrida-sostenibile\/","url":"https:\/\/eu.camsrecycling.com\/de\/ankundigungen\/cams-bauma-2025-nuovo-centauro-75-25-macchina-ibrida-sostenibile\/","name":"Centauro 75.25: das kompakteste Modell der Serie","isPartOf":{"@id":"https:\/\/eu.camsrecycling.com\/de\/#website"},"primaryImageOfPage":{"@id":"https:\/\/eu.camsrecycling.com\/de\/ankundigungen\/cams-bauma-2025-nuovo-centauro-75-25-macchina-ibrida-sostenibile\/#primaryimage"},"image":{"@id":"https:\/\/eu.camsrecycling.com\/de\/ankundigungen\/cams-bauma-2025-nuovo-centauro-75-25-macchina-ibrida-sostenibile\/#primaryimage"},"thumbnailUrl":"https:\/\/eu.camsrecycling.com\/wp-content\/uploads\/2025\/05\/Copertina-per-Wordpress-articoli-cams-9.jpg","datePublished":"2025-05-12T12:48:32+00:00","dateModified":"2025-08-26T15:46:17+00:00","author":{"@id":"https:\/\/eu.camsrecycling.com\/de\/#\/schema\/person\/453acb21be4a4c3c09d3ab9554d85c5c"},"description":"Entdecken Sie den Centauro 75.25 von CAMS: die kompakte, mobile L\u00f6sung zum Zerkleinern und Sieben mit niedrigen Betriebskosten und gr\u00fcnem Design.","breadcrumb":{"@id":"https:\/\/eu.camsrecycling.com\/de\/ankundigungen\/cams-bauma-2025-nuovo-centauro-75-25-macchina-ibrida-sostenibile\/#breadcrumb"},"inLanguage":"de","potentialAction":[{"@type":"ReadAction","target":["https:\/\/eu.camsrecycling.com\/de\/ankundigungen\/cams-bauma-2025-nuovo-centauro-75-25-macchina-ibrida-sostenibile\/"]}]},{"@type":"ImageObject","inLanguage":"de","@id":"https:\/\/eu.camsrecycling.com\/de\/ankundigungen\/cams-bauma-2025-nuovo-centauro-75-25-macchina-ibrida-sostenibile\/#primaryimage","url":"https:\/\/eu.camsrecycling.com\/wp-content\/uploads\/2025\/05\/Copertina-per-Wordpress-articoli-cams-9.jpg","contentUrl":"https:\/\/eu.camsrecycling.com\/wp-content\/uploads\/2025\/05\/Copertina-per-Wordpress-articoli-cams-9.jpg","width":1290,"height":1265},{"@type":"BreadcrumbList","@id":"https:\/\/eu.camsrecycling.com\/de\/ankundigungen\/cams-bauma-2025-nuovo-centauro-75-25-macchina-ibrida-sostenibile\/#breadcrumb","itemListElement":[{"@type":"ListItem","position":1,"name":"Home","item":"https:\/\/eu.camsrecycling.com\/de\/"},{"@type":"ListItem","position":2,"name":"Centauro 75.25: das kompakteste Modell der Serie \u2013 ohne Kompromisse"}]},{"@type":"WebSite","@id":"https:\/\/eu.camsrecycling.com\/de\/#website","url":"https:\/\/eu.camsrecycling.com\/de\/","name":"CAMS","description":"IL FUTURO \u00c8 VERDE","potentialAction":[{"@type":"SearchAction","target":{"@type":"EntryPoint","urlTemplate":"https:\/\/eu.camsrecycling.com\/de\/?s={search_term_string}"},"query-input":{"@type":"PropertyValueSpecification","valueRequired":true,"valueName":"search_term_string"}}],"inLanguage":"de"},{"@type":"Person","@id":"https:\/\/eu.camsrecycling.com\/de\/#\/schema\/person\/453acb21be4a4c3c09d3ab9554d85c5c","name":"Patrizia Papandrea","image":{"@type":"ImageObject","inLanguage":"de","@id":"https:\/\/secure.gravatar.com\/avatar\/1e51109206942233a442f9feaa52f3eb80fa02324e1a48b3a89b04e00fd0c581?s=96&d=mm&r=g","url":"https:\/\/secure.gravatar.com\/avatar\/1e51109206942233a442f9feaa52f3eb80fa02324e1a48b3a89b04e00fd0c581?s=96&d=mm&r=g","contentUrl":"https:\/\/secure.gravatar.com\/avatar\/1e51109206942233a442f9feaa52f3eb80fa02324e1a48b3a89b04e00fd0c581?s=96&d=mm&r=g","caption":"Patrizia Papandrea"}}]}},"_links":{"self":[{"href":"https:\/\/eu.camsrecycling.com\/de\/wp-json\/wp\/v2\/posts\/9647","targetHints":{"allow":["GET"]}}],"collection":[{"href":"https:\/\/eu.camsrecycling.com\/de\/wp-json\/wp\/v2\/posts"}],"about":[{"href":"https:\/\/eu.camsrecycling.com\/de\/wp-json\/wp\/v2\/types\/post"}],"author":[{"embeddable":true,"href":"https:\/\/eu.camsrecycling.com\/de\/wp-json\/wp\/v2\/users\/17"}],"replies":[{"embeddable":true,"href":"https:\/\/eu.camsrecycling.com\/de\/wp-json\/wp\/v2\/comments?post=9647"}],"version-history":[{"count":2,"href":"https:\/\/eu.camsrecycling.com\/de\/wp-json\/wp\/v2\/posts\/9647\/revisions"}],"predecessor-version":[{"id":9655,"href":"https:\/\/eu.camsrecycling.com\/de\/wp-json\/wp\/v2\/posts\/9647\/revisions\/9655"}],"wp:featuredmedia":[{"embeddable":true,"href":"https:\/\/eu.camsrecycling.com\/de\/wp-json\/wp\/v2\/media\/9650"}],"wp:attachment":[{"href":"https:\/\/eu.camsrecycling.com\/de\/wp-json\/wp\/v2\/media?parent=9647"}],"wp:term":[{"taxonomy":"category","embeddable":true,"href":"https:\/\/eu.camsrecycling.com\/de\/wp-json\/wp\/v2\/categories?post=9647"},{"taxonomy":"post_tag","embeddable":true,"href":"https:\/\/eu.camsrecycling.com\/de\/wp-json\/wp\/v2\/tags?post=9647"}],"curies":[{"name":"wp","href":"https:\/\/api.w.org\/{rel}","templated":true}]}}