{"id":10767,"date":"2025-09-30T16:40:58","date_gmt":"2025-09-30T14:40:58","guid":{"rendered":"https:\/\/eu.camsrecycling.com\/?p=10767"},"modified":"2025-09-30T17:21:08","modified_gmt":"2025-09-30T15:21:08","slug":"cams-asphaltica-world-bari-2025-ciclo-green-asfalto","status":"publish","type":"post","link":"https:\/\/eu.camsrecycling.com\/es\/anuncios\/cams-asphaltica-world-bari-2025-ciclo-green-asfalto\/","title":{"rendered":"CAMS en Asphaltica World 2025: Ciclo del asfalto verde e innovaci\u00f3n sostenible"},"content":{"rendered":"<p>Dal <b>del 29 al 31 de octubre de 2025<\/b><span style=\"font-weight: 400;\">, CAMS Srl participar\u00e1 en <\/span><b>Asphaltica World<\/b><span style=\"font-weight: 400;\"> en la <\/span><b>Nuova Fiera del Levante de Bari<\/b><span style=\"font-weight: 400;\">, Pabell\u00f3n <\/span><b>110 \u2013 Stand n. 32<\/b><span style=\"font-weight: 400;\">. Una oportunidad \u00fanica para descubrir las soluciones de CAMS dedicadas al <\/span><b>ciclo green dell\u2019asfalto<\/b><span style=\"font-weight: 400;\"> y a la innovaci\u00f3n sostenible en el sector de infraestructuras viales.<\/span><\/p>\n<p><span style=\"font-weight: 400;\">En particular, el <\/span><b>30 de octubre de 15:00 a 16:00 en la Sala 4 del Centro de Congresos<\/b><span style=\"font-weight: 400;\">, CAMS llevar\u00e1 a cabo el encuentro:<\/span><span style=\"font-weight: 400;\"><br \/>\n<\/span> <b>\u201cCiclo green dell\u2019asfalto. Tecnolog\u00edas y sostenibilidad con las m\u00e1quinas CAMS\u201d<\/b><span style=\"font-weight: 400;\">, donde se presentar\u00e1n sistemas avanzados para el reciclaje y la regeneraci\u00f3n de materiales en un modelo concreto de <\/span><b>econom\u00eda circular<\/b><span style=\"font-weight: 400;\">.<\/span><\/p>\n<p>&nbsp;<\/p>\n<h2>M\u00e1quinas m\u00f3viles y sistemas modulares: el coraz\u00f3n de la innovaci\u00f3n CAMS<\/h2>\n<p><span style=\"font-weight: 400;\">Las <\/span><b>m\u00e1quinas m\u00f3viles CAMS<\/b><span style=\"font-weight: 400;\"> y los <\/span><b>sistemas modulares sobre patines<\/b><span style=\"font-weight: 400;\"> est\u00e1n dise\u00f1ados para satisfacer las necesidades de un sector que debe combinar <\/span><b>productividad, eficiencia y reducci\u00f3n del impacto ambiental<\/b><span style=\"font-weight: 400;\">.<\/span><span style=\"font-weight: 400;\"><br \/>\n<\/span><span style=\"font-weight: 400;\"> Gracias a estas tecnolog\u00edas, CAMS ofrece un enfoque avanzado que:<\/span><\/p>\n<ul>\n<li style=\"font-weight: 400;\" aria-level=\"1\"><span style=\"font-weight: 400;\">reduce los desechos y valoriza los materiales reciclados;<\/span><\/li>\n<li style=\"font-weight: 400;\" aria-level=\"1\"><span style=\"font-weight: 400;\">disminuye el consumo energ\u00e9tico en los procesos;<\/span><\/li>\n<li style=\"font-weight: 400;\" aria-level=\"1\"><span style=\"font-weight: 400;\">garantiza mayor flexibilidad operativa con soluciones modulares;<\/span><\/li>\n<li style=\"font-weight: 400;\" aria-level=\"1\">integra la <b>digitalizaci\u00f3n<\/b> en los procesos, alineada con los requisitos de la <b>transici\u00f3n 5.0<\/b>.<\/li>\n<\/ul>\n<p>&nbsp;<\/p>\n<h2 class=\"titolo-h2\">Productos CAMS: innovaci\u00f3n concreta para el reciclaje y regeneraci\u00f3n del asfalto<\/h2>\n<p><b>CAMS<\/b><span style=\"font-weight: 400;\"> propone una gama de productos y soluciones t\u00e9cnico-productivas dedicadas al reciclaje y al mejor uso de las materias primas en el sector vial. Entre los principales productos que se podr\u00e1n ver:<\/span><\/p>\n<ul>\n<li style=\"font-weight: 400;\" aria-level=\"1\"><b>Unidades m\u00f3viles de reciclaje<\/b><span style=\"font-weight: 400;\">: maquinaria transportable que permite realizar operaciones de reciclaje directamente en obra, reduciendo tiempos, costos log\u00edsticos y emisiones asociadas al transporte.<\/span><\/li>\n<li style=\"font-weight: 400;\" aria-level=\"1\"><b>Sistemas modulares sobre patines<\/b><span style=\"font-weight: 400;\">: componentes modulables que se adaptan a las diferentes fases del proceso productivo: reordenamiento, reutilizaci\u00f3n del conglomerado, regeneraci\u00f3n, almacenamiento.<\/span><\/li>\n<\/ul>\n<p><b>Plantas para la regeneraci\u00f3n del conglomerado bituminoso<\/b><span style=\"font-weight: 400;\">: soluciones que permiten recuperar las caracter\u00edsticas mec\u00e1nicas del material, mejorando la durabilidad de los pavimentos.<\/span><\/p>\n<p>&nbsp;<\/p>\n<p style=\"text-align: center;\"><a href=\"https:\/\/eu.camsrecycling.com\/es\/productos\/\"><span style=\"font-weight: 400;\">Descubre nuestros productos<\/span><\/a><\/p>\n<p>&nbsp;<\/p>\n<h4>Econom\u00eda circular y sostenibilidad en el sector vial<\/h4>\n<p><span style=\"font-weight: 400;\">El compromiso de CAMS va m\u00e1s all\u00e1 de la innovaci\u00f3n tecnol\u00f3gica: el objetivo es proponer un modelo de <\/span><b>infraestructuras viales sostenibles<\/b><span style=\"font-weight: 400;\">, donde el ciclo de vida de los materiales se convierte en parte integral de una <\/span><b>estrategia verde<\/b><span style=\"font-weight: 400;\">.<\/span><\/p>\n<p><span style=\"font-weight: 400;\">El <\/span><b>ciclo green dell\u2019asfalto<\/b><span style=\"font-weight: 400;\"> representa un desaf\u00edo fundamental para reducir el impacto ambiental de la construcci\u00f3n y, al mismo tiempo, mantener altos est\u00e1ndares de <\/span><b>eficiencia productiva y calidad<\/b><span style=\"font-weight: 400;\">.<\/span><\/p>\n<p>&nbsp;<\/p>\n<h2 class=\"titolo-h2\">Asphaltica World: sostenibilidad y econom\u00eda circular en el centro<\/h2>\n<p><span style=\"font-weight: 400;\">Participar en <\/span><b>Asphaltica World 2025<\/b><span style=\"font-weight: 400;\"> significa entrar en contacto con los protagonistas del sector y conocer las soluciones que guiar\u00e1n el futuro de las infraestructuras viales.<\/span><span style=\"font-weight: 400;\"><br \/>\n<\/span><span style=\"font-weight: 400;\"> El <\/span><b>ciclo green dell\u2019asfalto<\/b><span style=\"font-weight: 400;\"> promovido por CAMS es un ejemplo concreto de c\u00f3mo <\/span><b>innovaci\u00f3n y respeto ambiental<\/b><span style=\"font-weight: 400;\"> pueden convivir, creando valor para empresas y comunidades.<\/span><\/p>\n<p>&nbsp;<\/p>\n<p style=\"text-align: center;\"><a href=\"https:\/\/www.asphaltica.it\/home\/12987.html\"><span style=\"font-weight: 400;\">Descubre m\u00e1s sobre Asphaltica World<\/span><\/a><\/p>\n<h2 class=\"titolo-h2\">Ven a descubrir CAMS en la Fiera del Levante de Bari<\/h2>\n<p><span style=\"font-weight: 400;\">\u00bfQuieres conocer nuestras soluciones y asistir a la presentaci\u00f3n?<\/span><span style=\"font-weight: 400;\"><br \/>\n<\/span><span style=\"font-weight: 400;\"> Te esperamos del <\/span><b>29 al 31 de octubre de 2025<\/b><span style=\"font-weight: 400;\"> en la <\/span><b>Nuova Fiera del Levante de Bari<\/b><span style=\"font-weight: 400;\">:<\/span><\/p>\n<p><b>Pabell\u00f3n 110 \u2013 Stand n. 32<\/b><b><br \/>\n<\/b><span style=\"font-weight: 400;\"> Taller <\/span><b>30 de octubre, 15:00 \u2013 16:00 | Sala 4 \u2013 Centro de Congresos<\/b><\/p>\n<p><span style=\"font-weight: 400;\"><a href=\"https:\/\/eu.camsrecycling.com\/es\/contactos\/\">Cont\u00e1ctanos<\/a> para <\/span><b>solicitar tu entrada<\/b><span style=\"font-weight: 400;\">: una oportunidad \u00fanica para descubrir las tecnolog\u00edas CAMS al servicio de la innovaci\u00f3n y la sostenibilidad.<\/span><\/p>\n<p>&nbsp;<\/p>\n<p style=\"color: #007a60; text-align: center;\"><strong>CAMS \u201cIL FUTURO \u00c8 VERDE\u201d<\/strong><\/p>\n<div style=\"text-align: center;\"><\/div>\n<div style=\"text-align: center;\"><div class=\"button_align align_center\"><a class=\"button  button_size_2\" href=\"https:\/\/eu.camsrecycling.com\/es\/contactos\/\"     style=\"background-color:#007a60!important;color:#fff;\"     title=\"\"><span class=\"button_label\">Cont\u00e1ctanos<\/span><\/a><\/div>\n<\/div>\n<div><\/div>\n","protected":false},"excerpt":{"rendered":"<p>Dal del 29 al 31 de octubre de 2025, CAMS Srl participar\u00e1 en Asphaltica World en la Nuova Fiera del Levante de Bari, Pabell\u00f3n 110 \u2013<span class=\"excerpt-hellip\"> [\u2026]<\/span><\/p>\n","protected":false},"author":17,"featured_media":10806,"comment_status":"open","ping_status":"closed","sticky":false,"template":"","format":"standard","meta":{"footnotes":""},"categories":[27],"tags":[],"class_list":["post-10767","post","type-post","status-publish","format-standard","has-post-thumbnail","hentry","category-anuncios"],"yoast_head":"<!-- This site is optimized with the Yoast SEO plugin v27.5 - https:\/\/yoast.com\/product\/yoast-seo-wordpress\/ -->\n<title>CAMS en Asphaltica World 2025: Ciclo del asfalto verde<\/title>\n<meta name=\"description\" content=\"Del 29 al 31 de octubre de 2025, CAMS te espera en la Fiera del Levante de Bari, Hall 110 \u2013 Stand 32. \u00a1Ven a visitarnos!\" \/>\n<meta name=\"robots\" content=\"index, follow, max-snippet:-1, max-image-preview:large, max-video-preview:-1\" \/>\n<link rel=\"canonical\" href=\"https:\/\/eu.camsrecycling.com\/es\/anuncios\/cams-asphaltica-world-bari-2025-ciclo-green-asfalto\/\" \/>\n<meta property=\"og:locale\" content=\"es_ES\" \/>\n<meta property=\"og:type\" content=\"article\" \/>\n<meta property=\"og:title\" content=\"CAMS en Asphaltica World 2025: Ciclo del asfalto verde\" \/>\n<meta property=\"og:description\" content=\"Del 29 al 31 de octubre de 2025, CAMS te espera en la Fiera del Levante de Bari, Hall 110 \u2013 Stand 32. \u00a1Ven a visitarnos!\" \/>\n<meta property=\"og:url\" content=\"https:\/\/eu.camsrecycling.com\/es\/anuncios\/cams-asphaltica-world-bari-2025-ciclo-green-asfalto\/\" \/>\n<meta property=\"og:site_name\" content=\"CAMS\" \/>\n<meta property=\"article:published_time\" content=\"2025-09-30T14:40:58+00:00\" \/>\n<meta property=\"article:modified_time\" content=\"2025-09-30T15:21:08+00:00\" \/>\n<meta property=\"og:image\" content=\"https:\/\/eu.camsrecycling.com\/wp-content\/uploads\/2025\/09\/Copertina-per-Wordpress-articoli-cams-7.jpg\" \/>\n\t<meta property=\"og:image:width\" content=\"1290\" \/>\n\t<meta property=\"og:image:height\" content=\"1265\" \/>\n\t<meta property=\"og:image:type\" content=\"image\/jpeg\" \/>\n<meta name=\"author\" content=\"Patrizia Papandrea\" \/>\n<meta name=\"twitter:card\" content=\"summary_large_image\" \/>\n<meta name=\"twitter:label1\" content=\"Escrito por\" \/>\n\t<meta name=\"twitter:data1\" content=\"Patrizia Papandrea\" \/>\n\t<meta name=\"twitter:label2\" content=\"Tiempo de lectura\" \/>\n\t<meta name=\"twitter:data2\" content=\"4 minutos\" \/>\n<script type=\"application\/ld+json\" class=\"yoast-schema-graph\">{\"@context\":\"https:\\\/\\\/schema.org\",\"@graph\":[{\"@type\":\"Article\",\"@id\":\"https:\\\/\\\/eu.camsrecycling.com\\\/es\\\/anuncios\\\/cams-asphaltica-world-bari-2025-ciclo-green-asfalto\\\/#article\",\"isPartOf\":{\"@id\":\"https:\\\/\\\/eu.camsrecycling.com\\\/es\\\/anuncios\\\/cams-asphaltica-world-bari-2025-ciclo-green-asfalto\\\/\"},\"author\":{\"name\":\"Patrizia Papandrea\",\"@id\":\"https:\\\/\\\/eu.camsrecycling.com\\\/es\\\/#\\\/schema\\\/person\\\/453acb21be4a4c3c09d3ab9554d85c5c\"},\"headline\":\"CAMS en Asphaltica World 2025: Ciclo del asfalto verde e innovaci\u00f3n sostenible\",\"datePublished\":\"2025-09-30T14:40:58+00:00\",\"dateModified\":\"2025-09-30T15:21:08+00:00\",\"mainEntityOfPage\":{\"@id\":\"https:\\\/\\\/eu.camsrecycling.com\\\/es\\\/anuncios\\\/cams-asphaltica-world-bari-2025-ciclo-green-asfalto\\\/\"},\"wordCount\":604,\"commentCount\":0,\"image\":{\"@id\":\"https:\\\/\\\/eu.camsrecycling.com\\\/es\\\/anuncios\\\/cams-asphaltica-world-bari-2025-ciclo-green-asfalto\\\/#primaryimage\"},\"thumbnailUrl\":\"https:\\\/\\\/eu.camsrecycling.com\\\/wp-content\\\/uploads\\\/2025\\\/09\\\/Copertina-per-Wordpress-articoli-cams-7.jpg\",\"articleSection\":[\"Anuncios\"],\"inLanguage\":\"es\",\"potentialAction\":[{\"@type\":\"CommentAction\",\"name\":\"Comment\",\"target\":[\"https:\\\/\\\/eu.camsrecycling.com\\\/es\\\/anuncios\\\/cams-asphaltica-world-bari-2025-ciclo-green-asfalto\\\/#respond\"]}]},{\"@type\":\"WebPage\",\"@id\":\"https:\\\/\\\/eu.camsrecycling.com\\\/es\\\/anuncios\\\/cams-asphaltica-world-bari-2025-ciclo-green-asfalto\\\/\",\"url\":\"https:\\\/\\\/eu.camsrecycling.com\\\/es\\\/anuncios\\\/cams-asphaltica-world-bari-2025-ciclo-green-asfalto\\\/\",\"name\":\"CAMS en Asphaltica World 2025: Ciclo del asfalto verde\",\"isPartOf\":{\"@id\":\"https:\\\/\\\/eu.camsrecycling.com\\\/es\\\/#website\"},\"primaryImageOfPage\":{\"@id\":\"https:\\\/\\\/eu.camsrecycling.com\\\/es\\\/anuncios\\\/cams-asphaltica-world-bari-2025-ciclo-green-asfalto\\\/#primaryimage\"},\"image\":{\"@id\":\"https:\\\/\\\/eu.camsrecycling.com\\\/es\\\/anuncios\\\/cams-asphaltica-world-bari-2025-ciclo-green-asfalto\\\/#primaryimage\"},\"thumbnailUrl\":\"https:\\\/\\\/eu.camsrecycling.com\\\/wp-content\\\/uploads\\\/2025\\\/09\\\/Copertina-per-Wordpress-articoli-cams-7.jpg\",\"datePublished\":\"2025-09-30T14:40:58+00:00\",\"dateModified\":\"2025-09-30T15:21:08+00:00\",\"author\":{\"@id\":\"https:\\\/\\\/eu.camsrecycling.com\\\/es\\\/#\\\/schema\\\/person\\\/453acb21be4a4c3c09d3ab9554d85c5c\"},\"description\":\"Del 29 al 31 de octubre de 2025, CAMS te espera en la Fiera del Levante de Bari, Hall 110 \u2013 Stand 32. \u00a1Ven a visitarnos!\",\"breadcrumb\":{\"@id\":\"https:\\\/\\\/eu.camsrecycling.com\\\/es\\\/anuncios\\\/cams-asphaltica-world-bari-2025-ciclo-green-asfalto\\\/#breadcrumb\"},\"inLanguage\":\"es\",\"potentialAction\":[{\"@type\":\"ReadAction\",\"target\":[\"https:\\\/\\\/eu.camsrecycling.com\\\/es\\\/anuncios\\\/cams-asphaltica-world-bari-2025-ciclo-green-asfalto\\\/\"]}]},{\"@type\":\"ImageObject\",\"inLanguage\":\"es\",\"@id\":\"https:\\\/\\\/eu.camsrecycling.com\\\/es\\\/anuncios\\\/cams-asphaltica-world-bari-2025-ciclo-green-asfalto\\\/#primaryimage\",\"url\":\"https:\\\/\\\/eu.camsrecycling.com\\\/wp-content\\\/uploads\\\/2025\\\/09\\\/Copertina-per-Wordpress-articoli-cams-7.jpg\",\"contentUrl\":\"https:\\\/\\\/eu.camsrecycling.com\\\/wp-content\\\/uploads\\\/2025\\\/09\\\/Copertina-per-Wordpress-articoli-cams-7.jpg\",\"width\":1290,\"height\":1265},{\"@type\":\"BreadcrumbList\",\"@id\":\"https:\\\/\\\/eu.camsrecycling.com\\\/es\\\/anuncios\\\/cams-asphaltica-world-bari-2025-ciclo-green-asfalto\\\/#breadcrumb\",\"itemListElement\":[{\"@type\":\"ListItem\",\"position\":1,\"name\":\"Home\",\"item\":\"https:\\\/\\\/eu.camsrecycling.com\\\/es\\\/\"},{\"@type\":\"ListItem\",\"position\":2,\"name\":\"CAMS en Asphaltica World 2025: Ciclo del asfalto verde e innovaci\u00f3n sostenible\"}]},{\"@type\":\"WebSite\",\"@id\":\"https:\\\/\\\/eu.camsrecycling.com\\\/es\\\/#website\",\"url\":\"https:\\\/\\\/eu.camsrecycling.com\\\/es\\\/\",\"name\":\"CAMS\",\"description\":\"IL FUTURO \u00c8 VERDE\",\"potentialAction\":[{\"@type\":\"SearchAction\",\"target\":{\"@type\":\"EntryPoint\",\"urlTemplate\":\"https:\\\/\\\/eu.camsrecycling.com\\\/es\\\/?s={search_term_string}\"},\"query-input\":{\"@type\":\"PropertyValueSpecification\",\"valueRequired\":true,\"valueName\":\"search_term_string\"}}],\"inLanguage\":\"es\"},{\"@type\":\"Person\",\"@id\":\"https:\\\/\\\/eu.camsrecycling.com\\\/es\\\/#\\\/schema\\\/person\\\/453acb21be4a4c3c09d3ab9554d85c5c\",\"name\":\"Patrizia Papandrea\",\"image\":{\"@type\":\"ImageObject\",\"inLanguage\":\"es\",\"@id\":\"https:\\\/\\\/secure.gravatar.com\\\/avatar\\\/1e51109206942233a442f9feaa52f3eb80fa02324e1a48b3a89b04e00fd0c581?s=96&d=mm&r=g\",\"url\":\"https:\\\/\\\/secure.gravatar.com\\\/avatar\\\/1e51109206942233a442f9feaa52f3eb80fa02324e1a48b3a89b04e00fd0c581?s=96&d=mm&r=g\",\"contentUrl\":\"https:\\\/\\\/secure.gravatar.com\\\/avatar\\\/1e51109206942233a442f9feaa52f3eb80fa02324e1a48b3a89b04e00fd0c581?s=96&d=mm&r=g\",\"caption\":\"Patrizia Papandrea\"}}]}<\/script>\n<!-- \/ Yoast SEO plugin. -->","yoast_head_json":{"title":"CAMS en Asphaltica World 2025: Ciclo del asfalto verde","description":"Del 29 al 31 de octubre de 2025, CAMS te espera en la Fiera del Levante de Bari, Hall 110 \u2013 Stand 32. \u00a1Ven a visitarnos!","robots":{"index":"index","follow":"follow","max-snippet":"max-snippet:-1","max-image-preview":"max-image-preview:large","max-video-preview":"max-video-preview:-1"},"canonical":"https:\/\/eu.camsrecycling.com\/es\/anuncios\/cams-asphaltica-world-bari-2025-ciclo-green-asfalto\/","og_locale":"es_ES","og_type":"article","og_title":"CAMS en Asphaltica World 2025: Ciclo del asfalto verde","og_description":"Del 29 al 31 de octubre de 2025, CAMS te espera en la Fiera del Levante de Bari, Hall 110 \u2013 Stand 32. \u00a1Ven a visitarnos!","og_url":"https:\/\/eu.camsrecycling.com\/es\/anuncios\/cams-asphaltica-world-bari-2025-ciclo-green-asfalto\/","og_site_name":"CAMS","article_published_time":"2025-09-30T14:40:58+00:00","article_modified_time":"2025-09-30T15:21:08+00:00","og_image":[{"width":1290,"height":1265,"url":"https:\/\/eu.camsrecycling.com\/wp-content\/uploads\/2025\/09\/Copertina-per-Wordpress-articoli-cams-7.jpg","type":"image\/jpeg"}],"author":"Patrizia Papandrea","twitter_card":"summary_large_image","twitter_misc":{"Escrito por":"Patrizia Papandrea","Tiempo de lectura":"4 minutos"},"schema":{"@context":"https:\/\/schema.org","@graph":[{"@type":"Article","@id":"https:\/\/eu.camsrecycling.com\/es\/anuncios\/cams-asphaltica-world-bari-2025-ciclo-green-asfalto\/#article","isPartOf":{"@id":"https:\/\/eu.camsrecycling.com\/es\/anuncios\/cams-asphaltica-world-bari-2025-ciclo-green-asfalto\/"},"author":{"name":"Patrizia Papandrea","@id":"https:\/\/eu.camsrecycling.com\/es\/#\/schema\/person\/453acb21be4a4c3c09d3ab9554d85c5c"},"headline":"CAMS en Asphaltica World 2025: Ciclo del asfalto verde e innovaci\u00f3n sostenible","datePublished":"2025-09-30T14:40:58+00:00","dateModified":"2025-09-30T15:21:08+00:00","mainEntityOfPage":{"@id":"https:\/\/eu.camsrecycling.com\/es\/anuncios\/cams-asphaltica-world-bari-2025-ciclo-green-asfalto\/"},"wordCount":604,"commentCount":0,"image":{"@id":"https:\/\/eu.camsrecycling.com\/es\/anuncios\/cams-asphaltica-world-bari-2025-ciclo-green-asfalto\/#primaryimage"},"thumbnailUrl":"https:\/\/eu.camsrecycling.com\/wp-content\/uploads\/2025\/09\/Copertina-per-Wordpress-articoli-cams-7.jpg","articleSection":["Anuncios"],"inLanguage":"es","potentialAction":[{"@type":"CommentAction","name":"Comment","target":["https:\/\/eu.camsrecycling.com\/es\/anuncios\/cams-asphaltica-world-bari-2025-ciclo-green-asfalto\/#respond"]}]},{"@type":"WebPage","@id":"https:\/\/eu.camsrecycling.com\/es\/anuncios\/cams-asphaltica-world-bari-2025-ciclo-green-asfalto\/","url":"https:\/\/eu.camsrecycling.com\/es\/anuncios\/cams-asphaltica-world-bari-2025-ciclo-green-asfalto\/","name":"CAMS en Asphaltica World 2025: Ciclo del asfalto verde","isPartOf":{"@id":"https:\/\/eu.camsrecycling.com\/es\/#website"},"primaryImageOfPage":{"@id":"https:\/\/eu.camsrecycling.com\/es\/anuncios\/cams-asphaltica-world-bari-2025-ciclo-green-asfalto\/#primaryimage"},"image":{"@id":"https:\/\/eu.camsrecycling.com\/es\/anuncios\/cams-asphaltica-world-bari-2025-ciclo-green-asfalto\/#primaryimage"},"thumbnailUrl":"https:\/\/eu.camsrecycling.com\/wp-content\/uploads\/2025\/09\/Copertina-per-Wordpress-articoli-cams-7.jpg","datePublished":"2025-09-30T14:40:58+00:00","dateModified":"2025-09-30T15:21:08+00:00","author":{"@id":"https:\/\/eu.camsrecycling.com\/es\/#\/schema\/person\/453acb21be4a4c3c09d3ab9554d85c5c"},"description":"Del 29 al 31 de octubre de 2025, CAMS te espera en la Fiera del Levante de Bari, Hall 110 \u2013 Stand 32. \u00a1Ven a visitarnos!","breadcrumb":{"@id":"https:\/\/eu.camsrecycling.com\/es\/anuncios\/cams-asphaltica-world-bari-2025-ciclo-green-asfalto\/#breadcrumb"},"inLanguage":"es","potentialAction":[{"@type":"ReadAction","target":["https:\/\/eu.camsrecycling.com\/es\/anuncios\/cams-asphaltica-world-bari-2025-ciclo-green-asfalto\/"]}]},{"@type":"ImageObject","inLanguage":"es","@id":"https:\/\/eu.camsrecycling.com\/es\/anuncios\/cams-asphaltica-world-bari-2025-ciclo-green-asfalto\/#primaryimage","url":"https:\/\/eu.camsrecycling.com\/wp-content\/uploads\/2025\/09\/Copertina-per-Wordpress-articoli-cams-7.jpg","contentUrl":"https:\/\/eu.camsrecycling.com\/wp-content\/uploads\/2025\/09\/Copertina-per-Wordpress-articoli-cams-7.jpg","width":1290,"height":1265},{"@type":"BreadcrumbList","@id":"https:\/\/eu.camsrecycling.com\/es\/anuncios\/cams-asphaltica-world-bari-2025-ciclo-green-asfalto\/#breadcrumb","itemListElement":[{"@type":"ListItem","position":1,"name":"Home","item":"https:\/\/eu.camsrecycling.com\/es\/"},{"@type":"ListItem","position":2,"name":"CAMS en Asphaltica World 2025: Ciclo del asfalto verde e innovaci\u00f3n sostenible"}]},{"@type":"WebSite","@id":"https:\/\/eu.camsrecycling.com\/es\/#website","url":"https:\/\/eu.camsrecycling.com\/es\/","name":"CAMS","description":"IL FUTURO \u00c8 VERDE","potentialAction":[{"@type":"SearchAction","target":{"@type":"EntryPoint","urlTemplate":"https:\/\/eu.camsrecycling.com\/es\/?s={search_term_string}"},"query-input":{"@type":"PropertyValueSpecification","valueRequired":true,"valueName":"search_term_string"}}],"inLanguage":"es"},{"@type":"Person","@id":"https:\/\/eu.camsrecycling.com\/es\/#\/schema\/person\/453acb21be4a4c3c09d3ab9554d85c5c","name":"Patrizia Papandrea","image":{"@type":"ImageObject","inLanguage":"es","@id":"https:\/\/secure.gravatar.com\/avatar\/1e51109206942233a442f9feaa52f3eb80fa02324e1a48b3a89b04e00fd0c581?s=96&d=mm&r=g","url":"https:\/\/secure.gravatar.com\/avatar\/1e51109206942233a442f9feaa52f3eb80fa02324e1a48b3a89b04e00fd0c581?s=96&d=mm&r=g","contentUrl":"https:\/\/secure.gravatar.com\/avatar\/1e51109206942233a442f9feaa52f3eb80fa02324e1a48b3a89b04e00fd0c581?s=96&d=mm&r=g","caption":"Patrizia Papandrea"}}]}},"_links":{"self":[{"href":"https:\/\/eu.camsrecycling.com\/es\/wp-json\/wp\/v2\/posts\/10767","targetHints":{"allow":["GET"]}}],"collection":[{"href":"https:\/\/eu.camsrecycling.com\/es\/wp-json\/wp\/v2\/posts"}],"about":[{"href":"https:\/\/eu.camsrecycling.com\/es\/wp-json\/wp\/v2\/types\/post"}],"author":[{"embeddable":true,"href":"https:\/\/eu.camsrecycling.com\/es\/wp-json\/wp\/v2\/users\/17"}],"replies":[{"embeddable":true,"href":"https:\/\/eu.camsrecycling.com\/es\/wp-json\/wp\/v2\/comments?post=10767"}],"version-history":[{"count":3,"href":"https:\/\/eu.camsrecycling.com\/es\/wp-json\/wp\/v2\/posts\/10767\/revisions"}],"predecessor-version":[{"id":10811,"href":"https:\/\/eu.camsrecycling.com\/es\/wp-json\/wp\/v2\/posts\/10767\/revisions\/10811"}],"wp:featuredmedia":[{"embeddable":true,"href":"https:\/\/eu.camsrecycling.com\/es\/wp-json\/wp\/v2\/media\/10806"}],"wp:attachment":[{"href":"https:\/\/eu.camsrecycling.com\/es\/wp-json\/wp\/v2\/media?parent=10767"}],"wp:term":[{"taxonomy":"category","embeddable":true,"href":"https:\/\/eu.camsrecycling.com\/es\/wp-json\/wp\/v2\/categories?post=10767"},{"taxonomy":"post_tag","embeddable":true,"href":"https:\/\/eu.camsrecycling.com\/es\/wp-json\/wp\/v2\/tags?post=10767"}],"curies":[{"name":"wp","href":"https:\/\/api.w.org\/{rel}","templated":true}]}}