{"id":9787,"date":"2023-09-25T09:18:23","date_gmt":"2023-09-25T07:18:23","guid":{"rendered":"https:\/\/eu.camsrecycling.com\/sin-categorizar\/saie-2023\/"},"modified":"2025-09-12T17:11:40","modified_gmt":"2025-09-12T15:11:40","slug":"saie-2023","status":"publish","type":"post","link":"https:\/\/eu.camsrecycling.com\/es\/eventi-es\/saie-2023\/","title":{"rendered":"SAIE 2023: la feria de las oportunidades en el sector de la construcci\u00f3n, el dise\u00f1o, la edificaci\u00f3n y las instalaciones"},"content":{"rendered":"<p><strong>SAIE<\/strong> es una de las ferias m\u00e1s importantes e influyentes en el sector de la construcci\u00f3n, representando a una amplia comunidad de empresas, profesionales y asociaciones. Este evento es una cita fundamental en el calendario de cualquiera que trabaje en el \u00e1mbito de la construcci\u00f3n, ofreciendo extraordinarias oportunidades comerciales, actualizaciones profesionales de primer nivel y una visi\u00f3n completa de las innovaciones m\u00e1s recientes del sector.<\/p>\n<p>La edici\u00f3n 2023 de SAIE se celebrar\u00e1 en Bari del 19 al 21 de octubre y promete ser una cita ineludible para todos aquellos que deseen estar al d\u00eda con las \u00faltimas tendencias y desarrollos en el mundo de la construcci\u00f3n, el dise\u00f1o, la <strong>edificaci\u00f3n y las instalaciones<\/strong>.<\/p>\n<p><!--more--><\/p>\n<h2>SAIE 2023, para descubrir las \u00faltimas novedades en el mundo de la construcci\u00f3n<\/h2>\n<p><strong>SAIE<\/strong> es mucho m\u00e1s que una simple feria: es un punto de encuentro para profesionales, empresarios y apasionados del sector de la construcci\u00f3n. Este evento ofrece una plataforma \u00fanica para <strong>compartir experiencias<\/strong>, aprender de las mejores mentes del sector y descubrir las <strong>\u00faltimas novedades tecnol\u00f3gicas<\/strong>. Entre las oportunidades que ofrece SAIE se encuentran:<\/p>\n<ul>\n<li style=\"font-weight: 400;\" aria-level=\"1\">\n<p data-start=\"35\" data-end=\"223\"><strong data-start=\"35\" data-end=\"63\">Multiplicador comercial:<\/strong> SAIE es la ocasi\u00f3n perfecta para presentar sus productos y servicios a un p\u00fablico altamente cualificado, crear nuevas alianzas y ampliar su red de contactos.<\/p>\n<\/li>\n<li style=\"font-weight: 400;\" aria-level=\"1\">\n<p data-start=\"225\" data-end=\"559\"><strong data-start=\"225\" data-end=\"255\">Actualizaci\u00f3n profesional:<\/strong> Los profesionales del sector pueden acceder a talleres, seminarios y conferencias impartidas por los mejores expertos del \u00e1mbito. Estos eventos ofrecen una oportunidad \u00fanica de adquirir conocimientos y competencias que pueden marcar la diferencia en su carrera. <strong data-start=\"518\" data-end=\"557\"><a href=\"https:\/\/www.saiebari.it\/en\/\" target=\"_blank\" rel=\"noopener\">Descubra aqu\u00ed el programa completo<\/a>.<\/strong><\/p>\n<\/li>\n<li style=\"font-weight: 400;\" aria-level=\"1\">\n<p data-start=\"561\" data-end=\"835\"><strong data-start=\"561\" data-end=\"593\">Innovaci\u00f3n y sostenibilidad:<\/strong> SAIE est\u00e1 al d\u00eda con los tiempos, mostrando las \u00faltimas innovaciones en el sector de la construcci\u00f3n. Esto incluye soluciones para la sostenibilidad, la eficiencia energ\u00e9tica y temas de crucial importancia en el panorama industrial actual.<\/p>\n<\/li>\n<li style=\"font-weight: 400;\" aria-level=\"1\">\n<p data-start=\"837\" data-end=\"1068\" data-is-last-node=\"\" data-is-only-node=\"\"><strong data-start=\"837\" data-end=\"851\">Seguridad:<\/strong> La seguridad en la obra es una prioridad fundamental en el sector de la construcci\u00f3n. En SAIE, los visitantes pueden descubrir las tecnolog\u00edas y pr\u00e1cticas m\u00e1s avanzadas para garantizar un entorno de trabajo seguro.<\/p>\n<\/li>\n<\/ul>\n<h2>La presencia de Cams en SAIE 2023<\/h2>\n<p>Un evento de tal magnitud no puede dejar de atraer a los principales actores del sector. Por eso, es con gran placer que anunciamos <strong>nuestra participaci\u00f3n en SAIE 2023<\/strong>.<\/p>\n<p>Nuestra participaci\u00f3n representa una oportunidad extraordinaria para que los visitantes descubran las \u00faltimas <strong>tecnolog\u00edas y servicios ofrecidos por Cams<\/strong>. Podr\u00e1n conocernos en persona, hacer preguntas y obtener una visi\u00f3n en profundidad de c\u00f3mo podemos ayudarles a alcanzar sus objetivos. Nuestra misi\u00f3n es sencilla pero ambiciosa: ofrecer <strong>soluciones a medida y sostenibles<\/strong> para las necesidades de <strong>trituraci\u00f3n, cribado y molienda de materiales inertes<\/strong>.<\/p>\n<p>Una de las cosas que nos hace \u00fanicos es nuestro enfoque integral del <strong>proceso de producci\u00f3n<\/strong>: desde el dise\u00f1o ejecutivo hasta el <strong>desarrollo y la fabricaci\u00f3n de las m\u00e1quinas<\/strong>.<\/p>\n<p>Gestionamos cada etapa con cuidado y atenci\u00f3n a los detalles. \u00bfPor qu\u00e9?<\/p>\n<ul>\n<li style=\"font-weight: 400;\" aria-level=\"1\">Creemos que la calidad es fundamental.<\/li>\n<li style=\"font-weight: 400;\" aria-level=\"1\">Controlamos constantemente la calidad de los materiales y de los procesos de fabricaci\u00f3n para asegurarnos de que cada planta que sale de nuestras instalaciones ofrezca el m\u00e1ximo rendimiento.<\/li>\n<\/ul>\n<p>Pero hay m\u00e1s. Tambi\u00e9n estamos orgullosos de ser <strong>ecol\u00f3gicos<\/strong> y de dar una gran importancia a la <strong>sostenibilidad<\/strong>. Nuestras soluciones est\u00e1n dise\u00f1adas para:<\/p>\n<ul>\n<li style=\"font-weight: 400;\" aria-level=\"1\">Con un compromiso constante con la protecci\u00f3n del medio ambiente<\/li>\n<li style=\"font-weight: 400;\" aria-level=\"1\">Contribuyendo a reducir el impacto en el ecosistema<\/li>\n<\/ul>\n<p>As\u00ed que, si est\u00e1n buscando <strong>soluciones innovadoras<\/strong>, a <strong>medida<\/strong> y <strong>ecol\u00f3gicas<\/strong> para sus pr\u00f3ximos proyectos, no busquen m\u00e1s: vengan a visitarnos en SAIE 2023. Estamos listos para poner nuestra experiencia y pasi\u00f3n a su servicio.<\/p>\n<p style=\"color: #007a60; text-align: center;\"><strong>Cams \u201cIL FUTURO \u00c8 VERDE\u201d<\/strong><\/p>\n<div><\/div>\n<div style=\"text-align: center;\"><div class=\"button_align align_center\"><a class=\"button  button_size_2\" href=\"https:\/\/eu.camsrecycling.com\/es\/contactos\/\"     style=\"background-color:#007a60!important;color:#fff;\"     title=\"\"><span class=\"button_label\">Cont\u00e1ctanos<\/span><\/a><\/div>\n<\/div>\n<div><\/div>\n<div><\/div>\n<p>&nbsp;<\/p>\n","protected":false},"excerpt":{"rendered":"<p>SAIE es una de las ferias m\u00e1s importantes e influyentes en el sector de la construcci\u00f3n, representando a una amplia comunidad de empresas, profesionales y asociaciones.<span class=\"excerpt-hellip\"> [\u2026]<\/span><\/p>\n","protected":false},"author":14,"featured_media":9805,"comment_status":"open","ping_status":"closed","sticky":false,"template":"","format":"standard","meta":{"footnotes":""},"categories":[131],"tags":[132],"class_list":["post-9787","post","type-post","status-publish","format-standard","has-post-thumbnail","hentry","category-eventi-es","tag-impianti-personalizzati-es"],"yoast_head":"<!-- This site is optimized with the Yoast SEO plugin v27.5 - https:\/\/yoast.com\/product\/yoast-seo-wordpress\/ -->\n<title>SAIE 2023: la feria de las oportunidades en el sector de la construcci\u00f3n, el dise\u00f1o, la edificaci\u00f3n y las instalaciones<\/title>\n<meta name=\"description\" content=\"SAIE es una de las ferias m\u00e1s importantes e influyentes en el sector de la construcci\u00f3n, representando a una amplia comunidad de empresas, profesionales y asociaciones.\" \/>\n<meta name=\"robots\" content=\"index, follow, max-snippet:-1, max-image-preview:large, max-video-preview:-1\" \/>\n<link rel=\"canonical\" href=\"https:\/\/eu.camsrecycling.com\/es\/eventi-es\/saie-2023\/\" \/>\n<meta property=\"og:locale\" content=\"es_ES\" \/>\n<meta property=\"og:type\" content=\"article\" \/>\n<meta property=\"og:title\" content=\"SAIE 2023: la feria de las oportunidades en el sector de la construcci\u00f3n, el dise\u00f1o, la edificaci\u00f3n y las instalaciones\" \/>\n<meta property=\"og:description\" content=\"SAIE es una de las ferias m\u00e1s importantes e influyentes en el sector de la construcci\u00f3n, representando a una amplia comunidad de empresas, profesionales y asociaciones.\" \/>\n<meta property=\"og:url\" content=\"https:\/\/eu.camsrecycling.com\/es\/eventi-es\/saie-2023\/\" \/>\n<meta property=\"og:site_name\" content=\"CAMS\" \/>\n<meta property=\"article:published_time\" content=\"2023-09-25T07:18:23+00:00\" \/>\n<meta property=\"article:modified_time\" content=\"2025-09-12T15:11:40+00:00\" \/>\n<meta property=\"og:image\" content=\"https:\/\/eu.camsrecycling.com\/wp-content\/uploads\/2023\/09\/SAIE-2023-la-feria-de-las-oportunidades-en-el-sector-de-la-construccion.jpg\" \/>\n\t<meta property=\"og:image:width\" content=\"1290\" \/>\n\t<meta property=\"og:image:height\" content=\"1265\" \/>\n\t<meta property=\"og:image:type\" content=\"image\/jpeg\" \/>\n<meta name=\"author\" content=\"ilaria.lamura\" \/>\n<meta name=\"twitter:card\" content=\"summary_large_image\" \/>\n<meta name=\"twitter:label1\" content=\"Escrito por\" \/>\n\t<meta name=\"twitter:data1\" content=\"ilaria.lamura\" \/>\n\t<meta name=\"twitter:label2\" content=\"Tiempo de lectura\" \/>\n\t<meta name=\"twitter:data2\" content=\"4 minutos\" \/>\n<script type=\"application\/ld+json\" class=\"yoast-schema-graph\">{\"@context\":\"https:\\\/\\\/schema.org\",\"@graph\":[{\"@type\":\"Article\",\"@id\":\"https:\\\/\\\/eu.camsrecycling.com\\\/es\\\/eventi-es\\\/saie-2023\\\/#article\",\"isPartOf\":{\"@id\":\"https:\\\/\\\/eu.camsrecycling.com\\\/es\\\/eventi-es\\\/saie-2023\\\/\"},\"author\":{\"name\":\"ilaria.lamura\",\"@id\":\"https:\\\/\\\/eu.camsrecycling.com\\\/es\\\/#\\\/schema\\\/person\\\/ea7ebf767902fe461c06916f63f0edcc\"},\"headline\":\"SAIE 2023: la feria de las oportunidades en el sector de la construcci\u00f3n, el dise\u00f1o, la edificaci\u00f3n y las instalaciones\",\"datePublished\":\"2023-09-25T07:18:23+00:00\",\"dateModified\":\"2025-09-12T15:11:40+00:00\",\"mainEntityOfPage\":{\"@id\":\"https:\\\/\\\/eu.camsrecycling.com\\\/es\\\/eventi-es\\\/saie-2023\\\/\"},\"wordCount\":672,\"commentCount\":0,\"image\":{\"@id\":\"https:\\\/\\\/eu.camsrecycling.com\\\/es\\\/eventi-es\\\/saie-2023\\\/#primaryimage\"},\"thumbnailUrl\":\"https:\\\/\\\/eu.camsrecycling.com\\\/wp-content\\\/uploads\\\/2023\\\/09\\\/SAIE-2023-la-feria-de-las-oportunidades-en-el-sector-de-la-construccion.jpg\",\"keywords\":[\"impianti personalizzati\"],\"articleSection\":[\"Eventi\"],\"inLanguage\":\"es\",\"potentialAction\":[{\"@type\":\"CommentAction\",\"name\":\"Comment\",\"target\":[\"https:\\\/\\\/eu.camsrecycling.com\\\/es\\\/eventi-es\\\/saie-2023\\\/#respond\"]}]},{\"@type\":\"WebPage\",\"@id\":\"https:\\\/\\\/eu.camsrecycling.com\\\/es\\\/eventi-es\\\/saie-2023\\\/\",\"url\":\"https:\\\/\\\/eu.camsrecycling.com\\\/es\\\/eventi-es\\\/saie-2023\\\/\",\"name\":\"SAIE 2023: la feria de las oportunidades en el sector de la construcci\u00f3n, el dise\u00f1o, la edificaci\u00f3n y las instalaciones\",\"isPartOf\":{\"@id\":\"https:\\\/\\\/eu.camsrecycling.com\\\/es\\\/#website\"},\"primaryImageOfPage\":{\"@id\":\"https:\\\/\\\/eu.camsrecycling.com\\\/es\\\/eventi-es\\\/saie-2023\\\/#primaryimage\"},\"image\":{\"@id\":\"https:\\\/\\\/eu.camsrecycling.com\\\/es\\\/eventi-es\\\/saie-2023\\\/#primaryimage\"},\"thumbnailUrl\":\"https:\\\/\\\/eu.camsrecycling.com\\\/wp-content\\\/uploads\\\/2023\\\/09\\\/SAIE-2023-la-feria-de-las-oportunidades-en-el-sector-de-la-construccion.jpg\",\"datePublished\":\"2023-09-25T07:18:23+00:00\",\"dateModified\":\"2025-09-12T15:11:40+00:00\",\"author\":{\"@id\":\"https:\\\/\\\/eu.camsrecycling.com\\\/es\\\/#\\\/schema\\\/person\\\/ea7ebf767902fe461c06916f63f0edcc\"},\"description\":\"SAIE es una de las ferias m\u00e1s importantes e influyentes en el sector de la construcci\u00f3n, representando a una amplia comunidad de empresas, profesionales y asociaciones.\",\"breadcrumb\":{\"@id\":\"https:\\\/\\\/eu.camsrecycling.com\\\/es\\\/eventi-es\\\/saie-2023\\\/#breadcrumb\"},\"inLanguage\":\"es\",\"potentialAction\":[{\"@type\":\"ReadAction\",\"target\":[\"https:\\\/\\\/eu.camsrecycling.com\\\/es\\\/eventi-es\\\/saie-2023\\\/\"]}]},{\"@type\":\"ImageObject\",\"inLanguage\":\"es\",\"@id\":\"https:\\\/\\\/eu.camsrecycling.com\\\/es\\\/eventi-es\\\/saie-2023\\\/#primaryimage\",\"url\":\"https:\\\/\\\/eu.camsrecycling.com\\\/wp-content\\\/uploads\\\/2023\\\/09\\\/SAIE-2023-la-feria-de-las-oportunidades-en-el-sector-de-la-construccion.jpg\",\"contentUrl\":\"https:\\\/\\\/eu.camsrecycling.com\\\/wp-content\\\/uploads\\\/2023\\\/09\\\/SAIE-2023-la-feria-de-las-oportunidades-en-el-sector-de-la-construccion.jpg\",\"width\":1290,\"height\":1265},{\"@type\":\"BreadcrumbList\",\"@id\":\"https:\\\/\\\/eu.camsrecycling.com\\\/es\\\/eventi-es\\\/saie-2023\\\/#breadcrumb\",\"itemListElement\":[{\"@type\":\"ListItem\",\"position\":1,\"name\":\"Home\",\"item\":\"https:\\\/\\\/eu.camsrecycling.com\\\/es\\\/\"},{\"@type\":\"ListItem\",\"position\":2,\"name\":\"SAIE 2023: la feria de las oportunidades en el sector de la construcci\u00f3n, el dise\u00f1o, la edificaci\u00f3n y las instalaciones\"}]},{\"@type\":\"WebSite\",\"@id\":\"https:\\\/\\\/eu.camsrecycling.com\\\/es\\\/#website\",\"url\":\"https:\\\/\\\/eu.camsrecycling.com\\\/es\\\/\",\"name\":\"CAMS\",\"description\":\"IL FUTURO \u00c8 VERDE\",\"potentialAction\":[{\"@type\":\"SearchAction\",\"target\":{\"@type\":\"EntryPoint\",\"urlTemplate\":\"https:\\\/\\\/eu.camsrecycling.com\\\/es\\\/?s={search_term_string}\"},\"query-input\":{\"@type\":\"PropertyValueSpecification\",\"valueRequired\":true,\"valueName\":\"search_term_string\"}}],\"inLanguage\":\"es\"},{\"@type\":\"Person\",\"@id\":\"https:\\\/\\\/eu.camsrecycling.com\\\/es\\\/#\\\/schema\\\/person\\\/ea7ebf767902fe461c06916f63f0edcc\",\"name\":\"ilaria.lamura\",\"image\":{\"@type\":\"ImageObject\",\"inLanguage\":\"es\",\"@id\":\"https:\\\/\\\/secure.gravatar.com\\\/avatar\\\/f51a69d8394b4cd9245616e7e7677f4f44a468465e2caab8ab064069ee4cc46a?s=96&d=mm&r=g\",\"url\":\"https:\\\/\\\/secure.gravatar.com\\\/avatar\\\/f51a69d8394b4cd9245616e7e7677f4f44a468465e2caab8ab064069ee4cc46a?s=96&d=mm&r=g\",\"contentUrl\":\"https:\\\/\\\/secure.gravatar.com\\\/avatar\\\/f51a69d8394b4cd9245616e7e7677f4f44a468465e2caab8ab064069ee4cc46a?s=96&d=mm&r=g\",\"caption\":\"ilaria.lamura\"}}]}<\/script>\n<!-- \/ Yoast SEO plugin. -->","yoast_head_json":{"title":"SAIE 2023: la feria de las oportunidades en el sector de la construcci\u00f3n, el dise\u00f1o, la edificaci\u00f3n y las instalaciones","description":"SAIE es una de las ferias m\u00e1s importantes e influyentes en el sector de la construcci\u00f3n, representando a una amplia comunidad de empresas, profesionales y asociaciones.","robots":{"index":"index","follow":"follow","max-snippet":"max-snippet:-1","max-image-preview":"max-image-preview:large","max-video-preview":"max-video-preview:-1"},"canonical":"https:\/\/eu.camsrecycling.com\/es\/eventi-es\/saie-2023\/","og_locale":"es_ES","og_type":"article","og_title":"SAIE 2023: la feria de las oportunidades en el sector de la construcci\u00f3n, el dise\u00f1o, la edificaci\u00f3n y las instalaciones","og_description":"SAIE es una de las ferias m\u00e1s importantes e influyentes en el sector de la construcci\u00f3n, representando a una amplia comunidad de empresas, profesionales y asociaciones.","og_url":"https:\/\/eu.camsrecycling.com\/es\/eventi-es\/saie-2023\/","og_site_name":"CAMS","article_published_time":"2023-09-25T07:18:23+00:00","article_modified_time":"2025-09-12T15:11:40+00:00","og_image":[{"width":1290,"height":1265,"url":"https:\/\/eu.camsrecycling.com\/wp-content\/uploads\/2023\/09\/SAIE-2023-la-feria-de-las-oportunidades-en-el-sector-de-la-construccion.jpg","type":"image\/jpeg"}],"author":"ilaria.lamura","twitter_card":"summary_large_image","twitter_misc":{"Escrito por":"ilaria.lamura","Tiempo de lectura":"4 minutos"},"schema":{"@context":"https:\/\/schema.org","@graph":[{"@type":"Article","@id":"https:\/\/eu.camsrecycling.com\/es\/eventi-es\/saie-2023\/#article","isPartOf":{"@id":"https:\/\/eu.camsrecycling.com\/es\/eventi-es\/saie-2023\/"},"author":{"name":"ilaria.lamura","@id":"https:\/\/eu.camsrecycling.com\/es\/#\/schema\/person\/ea7ebf767902fe461c06916f63f0edcc"},"headline":"SAIE 2023: la feria de las oportunidades en el sector de la construcci\u00f3n, el dise\u00f1o, la edificaci\u00f3n y las instalaciones","datePublished":"2023-09-25T07:18:23+00:00","dateModified":"2025-09-12T15:11:40+00:00","mainEntityOfPage":{"@id":"https:\/\/eu.camsrecycling.com\/es\/eventi-es\/saie-2023\/"},"wordCount":672,"commentCount":0,"image":{"@id":"https:\/\/eu.camsrecycling.com\/es\/eventi-es\/saie-2023\/#primaryimage"},"thumbnailUrl":"https:\/\/eu.camsrecycling.com\/wp-content\/uploads\/2023\/09\/SAIE-2023-la-feria-de-las-oportunidades-en-el-sector-de-la-construccion.jpg","keywords":["impianti personalizzati"],"articleSection":["Eventi"],"inLanguage":"es","potentialAction":[{"@type":"CommentAction","name":"Comment","target":["https:\/\/eu.camsrecycling.com\/es\/eventi-es\/saie-2023\/#respond"]}]},{"@type":"WebPage","@id":"https:\/\/eu.camsrecycling.com\/es\/eventi-es\/saie-2023\/","url":"https:\/\/eu.camsrecycling.com\/es\/eventi-es\/saie-2023\/","name":"SAIE 2023: la feria de las oportunidades en el sector de la construcci\u00f3n, el dise\u00f1o, la edificaci\u00f3n y las instalaciones","isPartOf":{"@id":"https:\/\/eu.camsrecycling.com\/es\/#website"},"primaryImageOfPage":{"@id":"https:\/\/eu.camsrecycling.com\/es\/eventi-es\/saie-2023\/#primaryimage"},"image":{"@id":"https:\/\/eu.camsrecycling.com\/es\/eventi-es\/saie-2023\/#primaryimage"},"thumbnailUrl":"https:\/\/eu.camsrecycling.com\/wp-content\/uploads\/2023\/09\/SAIE-2023-la-feria-de-las-oportunidades-en-el-sector-de-la-construccion.jpg","datePublished":"2023-09-25T07:18:23+00:00","dateModified":"2025-09-12T15:11:40+00:00","author":{"@id":"https:\/\/eu.camsrecycling.com\/es\/#\/schema\/person\/ea7ebf767902fe461c06916f63f0edcc"},"description":"SAIE es una de las ferias m\u00e1s importantes e influyentes en el sector de la construcci\u00f3n, representando a una amplia comunidad de empresas, profesionales y asociaciones.","breadcrumb":{"@id":"https:\/\/eu.camsrecycling.com\/es\/eventi-es\/saie-2023\/#breadcrumb"},"inLanguage":"es","potentialAction":[{"@type":"ReadAction","target":["https:\/\/eu.camsrecycling.com\/es\/eventi-es\/saie-2023\/"]}]},{"@type":"ImageObject","inLanguage":"es","@id":"https:\/\/eu.camsrecycling.com\/es\/eventi-es\/saie-2023\/#primaryimage","url":"https:\/\/eu.camsrecycling.com\/wp-content\/uploads\/2023\/09\/SAIE-2023-la-feria-de-las-oportunidades-en-el-sector-de-la-construccion.jpg","contentUrl":"https:\/\/eu.camsrecycling.com\/wp-content\/uploads\/2023\/09\/SAIE-2023-la-feria-de-las-oportunidades-en-el-sector-de-la-construccion.jpg","width":1290,"height":1265},{"@type":"BreadcrumbList","@id":"https:\/\/eu.camsrecycling.com\/es\/eventi-es\/saie-2023\/#breadcrumb","itemListElement":[{"@type":"ListItem","position":1,"name":"Home","item":"https:\/\/eu.camsrecycling.com\/es\/"},{"@type":"ListItem","position":2,"name":"SAIE 2023: la feria de las oportunidades en el sector de la construcci\u00f3n, el dise\u00f1o, la edificaci\u00f3n y las instalaciones"}]},{"@type":"WebSite","@id":"https:\/\/eu.camsrecycling.com\/es\/#website","url":"https:\/\/eu.camsrecycling.com\/es\/","name":"CAMS","description":"IL FUTURO \u00c8 VERDE","potentialAction":[{"@type":"SearchAction","target":{"@type":"EntryPoint","urlTemplate":"https:\/\/eu.camsrecycling.com\/es\/?s={search_term_string}"},"query-input":{"@type":"PropertyValueSpecification","valueRequired":true,"valueName":"search_term_string"}}],"inLanguage":"es"},{"@type":"Person","@id":"https:\/\/eu.camsrecycling.com\/es\/#\/schema\/person\/ea7ebf767902fe461c06916f63f0edcc","name":"ilaria.lamura","image":{"@type":"ImageObject","inLanguage":"es","@id":"https:\/\/secure.gravatar.com\/avatar\/f51a69d8394b4cd9245616e7e7677f4f44a468465e2caab8ab064069ee4cc46a?s=96&d=mm&r=g","url":"https:\/\/secure.gravatar.com\/avatar\/f51a69d8394b4cd9245616e7e7677f4f44a468465e2caab8ab064069ee4cc46a?s=96&d=mm&r=g","contentUrl":"https:\/\/secure.gravatar.com\/avatar\/f51a69d8394b4cd9245616e7e7677f4f44a468465e2caab8ab064069ee4cc46a?s=96&d=mm&r=g","caption":"ilaria.lamura"}}]}},"_links":{"self":[{"href":"https:\/\/eu.camsrecycling.com\/es\/wp-json\/wp\/v2\/posts\/9787","targetHints":{"allow":["GET"]}}],"collection":[{"href":"https:\/\/eu.camsrecycling.com\/es\/wp-json\/wp\/v2\/posts"}],"about":[{"href":"https:\/\/eu.camsrecycling.com\/es\/wp-json\/wp\/v2\/types\/post"}],"author":[{"embeddable":true,"href":"https:\/\/eu.camsrecycling.com\/es\/wp-json\/wp\/v2\/users\/14"}],"replies":[{"embeddable":true,"href":"https:\/\/eu.camsrecycling.com\/es\/wp-json\/wp\/v2\/comments?post=9787"}],"version-history":[{"count":2,"href":"https:\/\/eu.camsrecycling.com\/es\/wp-json\/wp\/v2\/posts\/9787\/revisions"}],"predecessor-version":[{"id":9804,"href":"https:\/\/eu.camsrecycling.com\/es\/wp-json\/wp\/v2\/posts\/9787\/revisions\/9804"}],"wp:featuredmedia":[{"embeddable":true,"href":"https:\/\/eu.camsrecycling.com\/es\/wp-json\/wp\/v2\/media\/9805"}],"wp:attachment":[{"href":"https:\/\/eu.camsrecycling.com\/es\/wp-json\/wp\/v2\/media?parent=9787"}],"wp:term":[{"taxonomy":"category","embeddable":true,"href":"https:\/\/eu.camsrecycling.com\/es\/wp-json\/wp\/v2\/categories?post=9787"},{"taxonomy":"post_tag","embeddable":true,"href":"https:\/\/eu.camsrecycling.com\/es\/wp-json\/wp\/v2\/tags?post=9787"}],"curies":[{"name":"wp","href":"https:\/\/api.w.org\/{rel}","templated":true}]}}