{"id":10281,"date":"2023-08-02T14:51:15","date_gmt":"2023-08-02T12:51:15","guid":{"rendered":"https:\/\/eu.camsrecycling.com\/non-classifiee\/blog-vagli-trasportabili-uvs\/"},"modified":"2025-09-19T09:45:13","modified_gmt":"2025-09-19T07:45:13","slug":"blog-vagli-trasportabili-uvs","status":"publish","type":"post","link":"https:\/\/eu.camsrecycling.com\/fr\/riciclo-asfalto-fr\/blog-vagli-trasportabili-uvs\/","title":{"rendered":"\u00c9crans transportables UVS : la solution polyvalente pour le tri des mat\u00e9riaux et le recyclage durable"},"content":{"rendered":"<p><span style=\"font-weight: 400;\"><span style=\"font-weight: 400;\">La gestion consciente et responsable des mat\u00e9riaux inertes, du fraisat d\u2019asphalte et des d\u00e9chets industriels est un objectif essentiel pour promouvoir la durabilit\u00e9 environnementale et optimiser les ressources disponibles. Dans cette perspective, la s\u00e9rie de <\/span><a href=\"https:\/\/eu.camsrecycling.com\/fr\/prodotti\/uvs\/\"><b>cribles transportables UVS<\/b><\/a><span style=\"font-weight: 400;\"> offre <\/span><b>des solutions de pointe pour le criblage et le recyclage des mat\u00e9riaux<\/b><span style=\"font-weight: 400;\">, contribuant \u00e0 une approche plus respectueuse de l\u2019environnement dans la gestion des d\u00e9chets.<\/span><\/span><\/p>\n<p><!--more--><\/p>\n<h3><strong>Caract\u00e9ristiques des cribles transportables UVS<\/strong><\/h3>\n<p><span style=\"font-weight: 400;\">La s\u00e9rie UVS est con\u00e7ue <\/span><b>pour offrir une s\u00e9paration efficace des mat\u00e9riaux gr\u00e2ce \u00e0 plusieurs \u00e9tages de criblage et \u00e0 des convoyeurs de diff\u00e9rentes longueurs<\/b><span style=\"font-weight: 400;\">. Cela permet une <\/span><b>s\u00e9lection rapide et pr\u00e9cise du produit final<\/b><span style=\"font-weight: 400;\">, garantissant des r\u00e9sultats optimaux pour diff\u00e9rents besoins des clients. <\/span><\/p>\n<p><span style=\"font-weight: 400;\">La possibilit\u00e9 de personnaliser la surface de criblage et la longueur des convoyeurs garantit que les installations UVS peuvent parfaitement s\u2019adapter \u00e0 des exigences sp\u00e9cifiques.<\/span><\/p>\n<p>&nbsp;<\/p>\n<h3><strong>Exploiter l\u2019\u00e9nergie \u00e9lectrique pour r\u00e9duire la consommation et l\u2019impact environnemental<\/strong><\/h3>\n<p><span style=\"font-weight: 400;\">Un aspect distinctif de la s\u00e9rie UVS est la possibilit\u00e9 <\/span><b>de fonctionner enti\u00e8rement \u00e0 l\u2019\u00e9lectricit\u00e9<\/b><span style=\"font-weight: 400;\">. Cela assure non seulement une <\/span><b>efficacit\u00e9 \u00e9nerg\u00e9tique optimale<\/b><span style=\"font-weight: 400;\"> mais r\u00e9duit \u00e9galement de mani\u00e8re significative l\u2019impact environnemental par rapport aux solutions traditionnelles \u00e0 combustion. CAMSAMERICA s\u2019engage ainsi \u00e0 proposer des solutions de pointe qui s\u2019inscrivent dans une vision \u00e9co-durable de la gestion des mat\u00e9riaux et des installations.<\/span><\/p>\n<p><img loading=\"lazy\" decoding=\"async\" class=\"wp-image-2642 aligncenter\" src=\"https:\/\/eu.camsrecycling.com\/wp-content\/uploads\/2023\/07\/Vagli-trasportabili-UVS-300x200.jpg\" alt=\"\" width=\"635\" height=\"423\" srcset=\"https:\/\/eu.camsrecycling.com\/wp-content\/uploads\/2023\/07\/Vagli-trasportabili-UVS-300x200.jpg 300w, https:\/\/eu.camsrecycling.com\/wp-content\/uploads\/2023\/07\/Vagli-trasportabili-UVS-1024x683.jpg 1024w, https:\/\/eu.camsrecycling.com\/wp-content\/uploads\/2023\/07\/Vagli-trasportabili-UVS-768x512.jpg 768w, https:\/\/eu.camsrecycling.com\/wp-content\/uploads\/2023\/07\/Vagli-trasportabili-UVS-1536x1024.jpg 1536w, https:\/\/eu.camsrecycling.com\/wp-content\/uploads\/2023\/07\/Vagli-trasportabili-UVS-219x146.jpg 219w, https:\/\/eu.camsrecycling.com\/wp-content\/uploads\/2023\/07\/Vagli-trasportabili-UVS-50x33.jpg 50w, https:\/\/eu.camsrecycling.com\/wp-content\/uploads\/2023\/07\/Vagli-trasportabili-UVS-113x75.jpg 113w, https:\/\/eu.camsrecycling.com\/wp-content\/uploads\/2023\/07\/Vagli-trasportabili-UVS.jpg 1920w\" sizes=\"auto, (max-width:767px) 480px, 635px\" \/><\/p>\n<h3><strong>Mod\u00e8les de la s\u00e9rie UVS<\/strong><\/h3>\n<p><span style=\"font-weight: 400;\">La s\u00e9rie UVS pr\u00e9sente trois mod\u00e8les de cribles diff\u00e9rents :<\/span><\/p>\n<ol>\n<li><span style=\"font-weight: 400;\">le mod\u00e8le <\/span><a href=\"https:\/\/eu.camsrecycling.com\/wp-content\/uploads\/2023\/04\/uvs25-2.pdf\"><b>UVS 25\/2<\/b><\/a><\/li>\n<li><span style=\"font-weight: 400;\">le mod\u00e8le <\/span><a href=\"https:\/\/eu.camsrecycling.com\/wp-content\/uploads\/2023\/06\/uvs-42_NEW-sito.pdf\"><b>UVS 42<\/b><\/a><\/li>\n<li><span style=\"font-weight: 400;\">le mod\u00e8le <\/span><a href=\"https:\/\/eu.camsrecycling.com\/wp-content\/uploads\/2023\/04\/UVS56.pdf\"><b>UVS 56<\/b><\/a><\/li>\n<\/ol>\n<p>&nbsp;<\/p>\n<h3><b>Caract\u00e9ristiques des installations UVS<\/b><\/h3>\n<p><span style=\"font-weight: 400;\">Les installations transportables de la s\u00e9rie UVS repr\u00e9sentent une <\/span><b>solution de pointe pour la s\u00e9lection des mat\u00e9riaux inertes, du fraisat d\u2019asphalte et des d\u00e9chets industriels<\/b><span style=\"font-weight: 400;\">. <\/span><span style=\"font-weight: 400;\">Avec un design ax\u00e9 sur l\u2019efficacit\u00e9, ces mod\u00e8les offrent <\/span><b>des performances optimales dans le criblage et la classification des mat\u00e9riaux. <\/b><\/p>\n<p><span style=\"font-weight: 400;\">Le criblage s\u2019effectue sur <\/span><b>deux \u00e9tages et trois sections<\/b><span style=\"font-weight: 400;\">, garantissant une s\u00e9paration rapide et efficace des diff\u00e9rents mat\u00e9riaux, tandis que la capacit\u00e9 \u00e0 traiter des mat\u00e9riaux humides les rend adapt\u00e9s \u00e0 un large \u00e9ventail de conditions de travail. <\/span><span style=\"font-weight: 400;\">Les convoyeurs, avec des largeurs variables pour les mat\u00e9riaux moyens et fins, offrent une <\/span><b>grande flexibilit\u00e9 op\u00e9rationnelle<\/b><span style=\"font-weight: 400;\">. <\/span><\/p>\n<p><span style=\"font-weight: 400;\">Le design compact permet un transport facile, tandis que la r\u00e9sistance \u00e0 l\u2019usure et la capacit\u00e9 \u00e0 r\u00e9cup\u00e9rer 100 % de l\u2019asphalte en font des choix fiables et durables pour la gestion des mat\u00e9riaux. <\/span><\/p>\n<p><span style=\"font-weight: 400;\">Tous les mod\u00e8les des installations UVS sont disponibles avec plusieurs options :<\/span><\/p>\n<ul>\n<li><span style=\"font-weight: 400;\"> Tr\u00e9mie de chargement<\/span><\/li>\n<li><span style=\"font-weight: 400;\"> GPS<\/span><\/li>\n<li><span style=\"font-weight: 400;\"> Syst\u00e8me de pesage<\/span><\/li>\n<li><span style=\"font-weight: 400;\"> Pompe \u00e9lectrique<\/span><\/li>\n<\/ul>\n<p><span style=\"font-weight: 400;\">Avec une attention particuli\u00e8re \u00e0 la r\u00e9duction des \u00e9missions et du bruit, les installations UVS d\u00e9montrent l\u2019engagement de CAMS envers une approche \u00e9co-durable et une gestion responsable des d\u00e9chets et des ressources.<\/span><\/p>\n<p>&nbsp;<\/p>\n<p style=\"color: #007a60; text-align: center;\"><strong>Cams \u201cIL FUTURO \u00c8 VERDE\u201d<\/strong><\/p>\n<div><\/div>\n<div style=\"text-align: center;\"><div class=\"button_align align_center\"><a class=\"button  button_size_2\" href=\"https:\/\/eu.camsrecycling.com\/fr\/contacts\/\"     style=\"background-color:#007a60!important;color:#fff;\"     title=\"\"><span class=\"button_label\">Contactez-nous<\/span><\/a><\/div>\n<\/div>\n<div><\/div>\n<div><\/div>\n","protected":false},"excerpt":{"rendered":"<p>La gestion consciente et responsable des mat\u00e9riaux inertes, du fraisat d\u2019asphalte et des d\u00e9chets industriels est un objectif essentiel pour promouvoir la durabilit\u00e9 environnementale et optimiser<span class=\"excerpt-hellip\"> [\u2026]<\/span><\/p>\n","protected":false},"author":14,"featured_media":10283,"comment_status":"open","ping_status":"closed","sticky":false,"template":"","format":"standard","meta":{"footnotes":""},"categories":[138],"tags":[128],"class_list":["post-10281","post","type-post","status-publish","format-standard","has-post-thumbnail","hentry","category-riciclo-asfalto-fr","tag-impianti-personalizzati-fr"],"yoast_head":"<!-- This site is optimized with the Yoast SEO plugin v27.5 - https:\/\/yoast.com\/product\/yoast-seo-wordpress\/ -->\n<title>\u00c9crans transportables UVS<\/title>\n<meta name=\"description\" content=\"La s\u00e9rie de cribles transportables UVS offre des solutions de pointe pour le criblage et le recyclage des mat\u00e9riaux. Pour en savoir plus, consultez l&#039;article.\" \/>\n<meta name=\"robots\" content=\"index, follow, max-snippet:-1, max-image-preview:large, max-video-preview:-1\" \/>\n<link rel=\"canonical\" href=\"https:\/\/eu.camsrecycling.com\/fr\/riciclo-asfalto-fr\/blog-vagli-trasportabili-uvs\/\" \/>\n<meta property=\"og:locale\" content=\"fr_FR\" \/>\n<meta property=\"og:type\" content=\"article\" \/>\n<meta property=\"og:title\" content=\"\u00c9crans transportables UVS\" \/>\n<meta property=\"og:description\" content=\"La s\u00e9rie de cribles transportables UVS offre des solutions de pointe pour le criblage et le recyclage des mat\u00e9riaux. Pour en savoir plus, consultez l&#039;article.\" \/>\n<meta property=\"og:url\" content=\"https:\/\/eu.camsrecycling.com\/fr\/riciclo-asfalto-fr\/blog-vagli-trasportabili-uvs\/\" \/>\n<meta property=\"og:site_name\" content=\"CAMS\" \/>\n<meta property=\"article:published_time\" content=\"2023-08-02T12:51:15+00:00\" \/>\n<meta property=\"article:modified_time\" content=\"2025-09-19T07:45:13+00:00\" \/>\n<meta property=\"og:image\" content=\"https:\/\/eu.camsrecycling.com\/wp-content\/uploads\/2023\/08\/Copertina-per-Wordpress-articoli-cams-7.jpg\" \/>\n\t<meta property=\"og:image:width\" content=\"1290\" \/>\n\t<meta property=\"og:image:height\" content=\"1265\" \/>\n\t<meta property=\"og:image:type\" content=\"image\/jpeg\" \/>\n<meta name=\"author\" content=\"ilaria.lamura\" \/>\n<meta name=\"twitter:card\" content=\"summary_large_image\" \/>\n<meta name=\"twitter:label1\" content=\"\u00c9crit par\" \/>\n\t<meta name=\"twitter:data1\" content=\"ilaria.lamura\" \/>\n\t<meta name=\"twitter:label2\" content=\"Dur\u00e9e de lecture estim\u00e9e\" \/>\n\t<meta name=\"twitter:data2\" content=\"3 minutes\" \/>\n<script type=\"application\/ld+json\" class=\"yoast-schema-graph\">{\"@context\":\"https:\\\/\\\/schema.org\",\"@graph\":[{\"@type\":\"Article\",\"@id\":\"https:\\\/\\\/eu.camsrecycling.com\\\/fr\\\/riciclo-asfalto-fr\\\/blog-vagli-trasportabili-uvs\\\/#article\",\"isPartOf\":{\"@id\":\"https:\\\/\\\/eu.camsrecycling.com\\\/fr\\\/riciclo-asfalto-fr\\\/blog-vagli-trasportabili-uvs\\\/\"},\"author\":{\"name\":\"ilaria.lamura\",\"@id\":\"https:\\\/\\\/eu.camsrecycling.com\\\/fr\\\/#\\\/schema\\\/person\\\/ea7ebf767902fe461c06916f63f0edcc\"},\"headline\":\"\u00c9crans transportables UVS : la solution polyvalente pour le tri des mat\u00e9riaux et le recyclage durable\",\"datePublished\":\"2023-08-02T12:51:15+00:00\",\"dateModified\":\"2025-09-19T07:45:13+00:00\",\"mainEntityOfPage\":{\"@id\":\"https:\\\/\\\/eu.camsrecycling.com\\\/fr\\\/riciclo-asfalto-fr\\\/blog-vagli-trasportabili-uvs\\\/\"},\"wordCount\":532,\"commentCount\":0,\"image\":{\"@id\":\"https:\\\/\\\/eu.camsrecycling.com\\\/fr\\\/riciclo-asfalto-fr\\\/blog-vagli-trasportabili-uvs\\\/#primaryimage\"},\"thumbnailUrl\":\"https:\\\/\\\/eu.camsrecycling.com\\\/wp-content\\\/uploads\\\/2023\\\/08\\\/Copertina-per-Wordpress-articoli-cams-7.jpg\",\"keywords\":[\"impianti personalizzati\"],\"articleSection\":[\"Riciclo asfalto\"],\"inLanguage\":\"fr-FR\",\"potentialAction\":[{\"@type\":\"CommentAction\",\"name\":\"Comment\",\"target\":[\"https:\\\/\\\/eu.camsrecycling.com\\\/fr\\\/riciclo-asfalto-fr\\\/blog-vagli-trasportabili-uvs\\\/#respond\"]}]},{\"@type\":\"WebPage\",\"@id\":\"https:\\\/\\\/eu.camsrecycling.com\\\/fr\\\/riciclo-asfalto-fr\\\/blog-vagli-trasportabili-uvs\\\/\",\"url\":\"https:\\\/\\\/eu.camsrecycling.com\\\/fr\\\/riciclo-asfalto-fr\\\/blog-vagli-trasportabili-uvs\\\/\",\"name\":\"\u00c9crans transportables UVS\",\"isPartOf\":{\"@id\":\"https:\\\/\\\/eu.camsrecycling.com\\\/fr\\\/#website\"},\"primaryImageOfPage\":{\"@id\":\"https:\\\/\\\/eu.camsrecycling.com\\\/fr\\\/riciclo-asfalto-fr\\\/blog-vagli-trasportabili-uvs\\\/#primaryimage\"},\"image\":{\"@id\":\"https:\\\/\\\/eu.camsrecycling.com\\\/fr\\\/riciclo-asfalto-fr\\\/blog-vagli-trasportabili-uvs\\\/#primaryimage\"},\"thumbnailUrl\":\"https:\\\/\\\/eu.camsrecycling.com\\\/wp-content\\\/uploads\\\/2023\\\/08\\\/Copertina-per-Wordpress-articoli-cams-7.jpg\",\"datePublished\":\"2023-08-02T12:51:15+00:00\",\"dateModified\":\"2025-09-19T07:45:13+00:00\",\"author\":{\"@id\":\"https:\\\/\\\/eu.camsrecycling.com\\\/fr\\\/#\\\/schema\\\/person\\\/ea7ebf767902fe461c06916f63f0edcc\"},\"description\":\"La s\u00e9rie de cribles transportables UVS offre des solutions de pointe pour le criblage et le recyclage des mat\u00e9riaux. Pour en savoir plus, consultez l'article.\",\"breadcrumb\":{\"@id\":\"https:\\\/\\\/eu.camsrecycling.com\\\/fr\\\/riciclo-asfalto-fr\\\/blog-vagli-trasportabili-uvs\\\/#breadcrumb\"},\"inLanguage\":\"fr-FR\",\"potentialAction\":[{\"@type\":\"ReadAction\",\"target\":[\"https:\\\/\\\/eu.camsrecycling.com\\\/fr\\\/riciclo-asfalto-fr\\\/blog-vagli-trasportabili-uvs\\\/\"]}]},{\"@type\":\"ImageObject\",\"inLanguage\":\"fr-FR\",\"@id\":\"https:\\\/\\\/eu.camsrecycling.com\\\/fr\\\/riciclo-asfalto-fr\\\/blog-vagli-trasportabili-uvs\\\/#primaryimage\",\"url\":\"https:\\\/\\\/eu.camsrecycling.com\\\/wp-content\\\/uploads\\\/2023\\\/08\\\/Copertina-per-Wordpress-articoli-cams-7.jpg\",\"contentUrl\":\"https:\\\/\\\/eu.camsrecycling.com\\\/wp-content\\\/uploads\\\/2023\\\/08\\\/Copertina-per-Wordpress-articoli-cams-7.jpg\",\"width\":1290,\"height\":1265},{\"@type\":\"BreadcrumbList\",\"@id\":\"https:\\\/\\\/eu.camsrecycling.com\\\/fr\\\/riciclo-asfalto-fr\\\/blog-vagli-trasportabili-uvs\\\/#breadcrumb\",\"itemListElement\":[{\"@type\":\"ListItem\",\"position\":1,\"name\":\"Home\",\"item\":\"https:\\\/\\\/eu.camsrecycling.com\\\/fr\\\/\"},{\"@type\":\"ListItem\",\"position\":2,\"name\":\"\u00c9crans transportables UVS : la solution polyvalente pour le tri des mat\u00e9riaux et le recyclage durable\"}]},{\"@type\":\"WebSite\",\"@id\":\"https:\\\/\\\/eu.camsrecycling.com\\\/fr\\\/#website\",\"url\":\"https:\\\/\\\/eu.camsrecycling.com\\\/fr\\\/\",\"name\":\"CAMS\",\"description\":\"IL FUTURO \u00c8 VERDE\",\"potentialAction\":[{\"@type\":\"SearchAction\",\"target\":{\"@type\":\"EntryPoint\",\"urlTemplate\":\"https:\\\/\\\/eu.camsrecycling.com\\\/fr\\\/?s={search_term_string}\"},\"query-input\":{\"@type\":\"PropertyValueSpecification\",\"valueRequired\":true,\"valueName\":\"search_term_string\"}}],\"inLanguage\":\"fr-FR\"},{\"@type\":\"Person\",\"@id\":\"https:\\\/\\\/eu.camsrecycling.com\\\/fr\\\/#\\\/schema\\\/person\\\/ea7ebf767902fe461c06916f63f0edcc\",\"name\":\"ilaria.lamura\",\"image\":{\"@type\":\"ImageObject\",\"inLanguage\":\"fr-FR\",\"@id\":\"https:\\\/\\\/secure.gravatar.com\\\/avatar\\\/f51a69d8394b4cd9245616e7e7677f4f44a468465e2caab8ab064069ee4cc46a?s=96&d=mm&r=g\",\"url\":\"https:\\\/\\\/secure.gravatar.com\\\/avatar\\\/f51a69d8394b4cd9245616e7e7677f4f44a468465e2caab8ab064069ee4cc46a?s=96&d=mm&r=g\",\"contentUrl\":\"https:\\\/\\\/secure.gravatar.com\\\/avatar\\\/f51a69d8394b4cd9245616e7e7677f4f44a468465e2caab8ab064069ee4cc46a?s=96&d=mm&r=g\",\"caption\":\"ilaria.lamura\"}}]}<\/script>\n<!-- \/ Yoast SEO plugin. -->","yoast_head_json":{"title":"\u00c9crans transportables UVS","description":"La s\u00e9rie de cribles transportables UVS offre des solutions de pointe pour le criblage et le recyclage des mat\u00e9riaux. Pour en savoir plus, consultez l'article.","robots":{"index":"index","follow":"follow","max-snippet":"max-snippet:-1","max-image-preview":"max-image-preview:large","max-video-preview":"max-video-preview:-1"},"canonical":"https:\/\/eu.camsrecycling.com\/fr\/riciclo-asfalto-fr\/blog-vagli-trasportabili-uvs\/","og_locale":"fr_FR","og_type":"article","og_title":"\u00c9crans transportables UVS","og_description":"La s\u00e9rie de cribles transportables UVS offre des solutions de pointe pour le criblage et le recyclage des mat\u00e9riaux. Pour en savoir plus, consultez l'article.","og_url":"https:\/\/eu.camsrecycling.com\/fr\/riciclo-asfalto-fr\/blog-vagli-trasportabili-uvs\/","og_site_name":"CAMS","article_published_time":"2023-08-02T12:51:15+00:00","article_modified_time":"2025-09-19T07:45:13+00:00","og_image":[{"width":1290,"height":1265,"url":"https:\/\/eu.camsrecycling.com\/wp-content\/uploads\/2023\/08\/Copertina-per-Wordpress-articoli-cams-7.jpg","type":"image\/jpeg"}],"author":"ilaria.lamura","twitter_card":"summary_large_image","twitter_misc":{"\u00c9crit par":"ilaria.lamura","Dur\u00e9e de lecture estim\u00e9e":"3 minutes"},"schema":{"@context":"https:\/\/schema.org","@graph":[{"@type":"Article","@id":"https:\/\/eu.camsrecycling.com\/fr\/riciclo-asfalto-fr\/blog-vagli-trasportabili-uvs\/#article","isPartOf":{"@id":"https:\/\/eu.camsrecycling.com\/fr\/riciclo-asfalto-fr\/blog-vagli-trasportabili-uvs\/"},"author":{"name":"ilaria.lamura","@id":"https:\/\/eu.camsrecycling.com\/fr\/#\/schema\/person\/ea7ebf767902fe461c06916f63f0edcc"},"headline":"\u00c9crans transportables UVS : la solution polyvalente pour le tri des mat\u00e9riaux et le recyclage durable","datePublished":"2023-08-02T12:51:15+00:00","dateModified":"2025-09-19T07:45:13+00:00","mainEntityOfPage":{"@id":"https:\/\/eu.camsrecycling.com\/fr\/riciclo-asfalto-fr\/blog-vagli-trasportabili-uvs\/"},"wordCount":532,"commentCount":0,"image":{"@id":"https:\/\/eu.camsrecycling.com\/fr\/riciclo-asfalto-fr\/blog-vagli-trasportabili-uvs\/#primaryimage"},"thumbnailUrl":"https:\/\/eu.camsrecycling.com\/wp-content\/uploads\/2023\/08\/Copertina-per-Wordpress-articoli-cams-7.jpg","keywords":["impianti personalizzati"],"articleSection":["Riciclo asfalto"],"inLanguage":"fr-FR","potentialAction":[{"@type":"CommentAction","name":"Comment","target":["https:\/\/eu.camsrecycling.com\/fr\/riciclo-asfalto-fr\/blog-vagli-trasportabili-uvs\/#respond"]}]},{"@type":"WebPage","@id":"https:\/\/eu.camsrecycling.com\/fr\/riciclo-asfalto-fr\/blog-vagli-trasportabili-uvs\/","url":"https:\/\/eu.camsrecycling.com\/fr\/riciclo-asfalto-fr\/blog-vagli-trasportabili-uvs\/","name":"\u00c9crans transportables UVS","isPartOf":{"@id":"https:\/\/eu.camsrecycling.com\/fr\/#website"},"primaryImageOfPage":{"@id":"https:\/\/eu.camsrecycling.com\/fr\/riciclo-asfalto-fr\/blog-vagli-trasportabili-uvs\/#primaryimage"},"image":{"@id":"https:\/\/eu.camsrecycling.com\/fr\/riciclo-asfalto-fr\/blog-vagli-trasportabili-uvs\/#primaryimage"},"thumbnailUrl":"https:\/\/eu.camsrecycling.com\/wp-content\/uploads\/2023\/08\/Copertina-per-Wordpress-articoli-cams-7.jpg","datePublished":"2023-08-02T12:51:15+00:00","dateModified":"2025-09-19T07:45:13+00:00","author":{"@id":"https:\/\/eu.camsrecycling.com\/fr\/#\/schema\/person\/ea7ebf767902fe461c06916f63f0edcc"},"description":"La s\u00e9rie de cribles transportables UVS offre des solutions de pointe pour le criblage et le recyclage des mat\u00e9riaux. Pour en savoir plus, consultez l'article.","breadcrumb":{"@id":"https:\/\/eu.camsrecycling.com\/fr\/riciclo-asfalto-fr\/blog-vagli-trasportabili-uvs\/#breadcrumb"},"inLanguage":"fr-FR","potentialAction":[{"@type":"ReadAction","target":["https:\/\/eu.camsrecycling.com\/fr\/riciclo-asfalto-fr\/blog-vagli-trasportabili-uvs\/"]}]},{"@type":"ImageObject","inLanguage":"fr-FR","@id":"https:\/\/eu.camsrecycling.com\/fr\/riciclo-asfalto-fr\/blog-vagli-trasportabili-uvs\/#primaryimage","url":"https:\/\/eu.camsrecycling.com\/wp-content\/uploads\/2023\/08\/Copertina-per-Wordpress-articoli-cams-7.jpg","contentUrl":"https:\/\/eu.camsrecycling.com\/wp-content\/uploads\/2023\/08\/Copertina-per-Wordpress-articoli-cams-7.jpg","width":1290,"height":1265},{"@type":"BreadcrumbList","@id":"https:\/\/eu.camsrecycling.com\/fr\/riciclo-asfalto-fr\/blog-vagli-trasportabili-uvs\/#breadcrumb","itemListElement":[{"@type":"ListItem","position":1,"name":"Home","item":"https:\/\/eu.camsrecycling.com\/fr\/"},{"@type":"ListItem","position":2,"name":"\u00c9crans transportables UVS : la solution polyvalente pour le tri des mat\u00e9riaux et le recyclage durable"}]},{"@type":"WebSite","@id":"https:\/\/eu.camsrecycling.com\/fr\/#website","url":"https:\/\/eu.camsrecycling.com\/fr\/","name":"CAMS","description":"IL FUTURO \u00c8 VERDE","potentialAction":[{"@type":"SearchAction","target":{"@type":"EntryPoint","urlTemplate":"https:\/\/eu.camsrecycling.com\/fr\/?s={search_term_string}"},"query-input":{"@type":"PropertyValueSpecification","valueRequired":true,"valueName":"search_term_string"}}],"inLanguage":"fr-FR"},{"@type":"Person","@id":"https:\/\/eu.camsrecycling.com\/fr\/#\/schema\/person\/ea7ebf767902fe461c06916f63f0edcc","name":"ilaria.lamura","image":{"@type":"ImageObject","inLanguage":"fr-FR","@id":"https:\/\/secure.gravatar.com\/avatar\/f51a69d8394b4cd9245616e7e7677f4f44a468465e2caab8ab064069ee4cc46a?s=96&d=mm&r=g","url":"https:\/\/secure.gravatar.com\/avatar\/f51a69d8394b4cd9245616e7e7677f4f44a468465e2caab8ab064069ee4cc46a?s=96&d=mm&r=g","contentUrl":"https:\/\/secure.gravatar.com\/avatar\/f51a69d8394b4cd9245616e7e7677f4f44a468465e2caab8ab064069ee4cc46a?s=96&d=mm&r=g","caption":"ilaria.lamura"}}]}},"_links":{"self":[{"href":"https:\/\/eu.camsrecycling.com\/fr\/wp-json\/wp\/v2\/posts\/10281","targetHints":{"allow":["GET"]}}],"collection":[{"href":"https:\/\/eu.camsrecycling.com\/fr\/wp-json\/wp\/v2\/posts"}],"about":[{"href":"https:\/\/eu.camsrecycling.com\/fr\/wp-json\/wp\/v2\/types\/post"}],"author":[{"embeddable":true,"href":"https:\/\/eu.camsrecycling.com\/fr\/wp-json\/wp\/v2\/users\/14"}],"replies":[{"embeddable":true,"href":"https:\/\/eu.camsrecycling.com\/fr\/wp-json\/wp\/v2\/comments?post=10281"}],"version-history":[{"count":2,"href":"https:\/\/eu.camsrecycling.com\/fr\/wp-json\/wp\/v2\/posts\/10281\/revisions"}],"predecessor-version":[{"id":10288,"href":"https:\/\/eu.camsrecycling.com\/fr\/wp-json\/wp\/v2\/posts\/10281\/revisions\/10288"}],"wp:featuredmedia":[{"embeddable":true,"href":"https:\/\/eu.camsrecycling.com\/fr\/wp-json\/wp\/v2\/media\/10283"}],"wp:attachment":[{"href":"https:\/\/eu.camsrecycling.com\/fr\/wp-json\/wp\/v2\/media?parent=10281"}],"wp:term":[{"taxonomy":"category","embeddable":true,"href":"https:\/\/eu.camsrecycling.com\/fr\/wp-json\/wp\/v2\/categories?post=10281"},{"taxonomy":"post_tag","embeddable":true,"href":"https:\/\/eu.camsrecycling.com\/fr\/wp-json\/wp\/v2\/tags?post=10281"}],"curies":[{"name":"wp","href":"https:\/\/api.w.org\/{rel}","templated":true}]}}