{"id":10968,"date":"2026-03-10T10:21:55","date_gmt":"2026-03-10T08:21:55","guid":{"rendered":"https:\/\/eu.camsrecycling.com\/non-classifiee\/cams-conexpo-2026-utm-1500g-mg7-super-e\/"},"modified":"2026-03-10T11:26:56","modified_gmt":"2026-03-10T09:26:56","slug":"cams-conexpo-2026-utm-1500g-mg7-super-e","status":"publish","type":"post","link":"https:\/\/eu.camsrecycling.com\/fr\/annonces\/cams-conexpo-2026-utm-1500g-mg7-super-e\/","title":{"rendered":"CONEXPO 2026 : innovation dans le recyclage et le pavage avec l\u2019UTM 1500G et la MG7 Super-e"},"content":{"rendered":"<p data-start=\"60\" data-end=\"243\"><strong data-start=\"60\" data-end=\"241\">Du 3 au 7 mars 2026, CAMS sera pr\u00e9sent \u00e0 CONEXPO \u00e0 Las Vegas, l\u2019un des \u00e9v\u00e9nements internationaux les plus importants pour les secteurs de la construction et des travaux publics.<\/strong><\/p>\n<p data-start=\"245\" data-end=\"524\">\u00c0 cette occasion, nous pr\u00e9senterons deux solutions technologiques d\u00e9di\u00e9es au <strong data-start=\"322\" data-end=\"357\">recyclage des mat\u00e9riaux inertes<\/strong> et au <strong data-start=\"364\" data-end=\"382\">pavage routier<\/strong>, confirmant notre engagement \u00e0 d\u00e9velopper des machines de plus en plus <strong data-start=\"454\" data-end=\"493\">efficaces, durables et polyvalentes<\/strong> pour les chantiers modernes.<\/p>\n<p data-start=\"526\" data-end=\"642\">Notre pr\u00e9sence \u00e0 CONEXPO se fera via le <strong data-start=\"566\" data-end=\"602\">r\u00e9seau de distribution am\u00e9ricain<\/strong>, avec deux partenaires strat\u00e9giques :<\/p>\n<ul data-start=\"644\" data-end=\"906\">\n<li data-section-id=\"1kujndy\" data-start=\"644\" data-end=\"771\">\n<p data-start=\"646\" data-end=\"771\"><strong data-start=\"646\" data-end=\"675\">GrinderCrusherScreen Inc.<\/strong>, o\u00f9 nous pr\u00e9senterons la <strong data-start=\"701\" data-end=\"769\">premi\u00e8re mondiale du nouveau concasseur mobile hybride UTM 1500G<\/strong><\/p>\n<\/li>\n<li data-section-id=\"znc8yj\" data-start=\"772\" data-end=\"906\">\n<p data-start=\"774\" data-end=\"906\"><strong data-start=\"774\" data-end=\"798\">Hitek Equipment Inc.<\/strong>, qui exposera la <strong data-start=\"816\" data-end=\"847\">mini-finisseuse MG7 Super-e<\/strong> de la marque Malavasi, d\u00e9sormais int\u00e9gr\u00e9e au groupe CAMS<\/p>\n<\/li>\n<\/ul>\n<p data-start=\"908\" data-end=\"1091\">La participation \u00e0 ce salon repr\u00e9sente une \u00e9tape suppl\u00e9mentaire dans le <strong data-start=\"980\" data-end=\"1022\">d\u00e9veloppement du march\u00e9 nord-am\u00e9ricain<\/strong> et dans l\u2019int\u00e9gration des <strong data-start=\"1049\" data-end=\"1074\">technologies Malavasi<\/strong> \u00e0 notre offre.<\/p>\n<h2>UTM 1500G : le nouveau concasseur mobile hybride pour le recyclage des mat\u00e9riaux<\/h2>\n<p><img loading=\"lazy\" decoding=\"async\" class=\"wp-image-10958 size-large aligncenter\" src=\"https:\/\/eu.camsrecycling.com\/wp-content\/uploads\/2026\/03\/IMG_20260114_092954-1024x768.jpg\" alt=\"\" width=\"1024\" height=\"768\" srcset=\"https:\/\/eu.camsrecycling.com\/wp-content\/uploads\/2026\/03\/IMG_20260114_092954-1024x768.jpg 1024w, https:\/\/eu.camsrecycling.com\/wp-content\/uploads\/2026\/03\/IMG_20260114_092954-300x225.jpg 300w, https:\/\/eu.camsrecycling.com\/wp-content\/uploads\/2026\/03\/IMG_20260114_092954-768x576.jpg 768w, https:\/\/eu.camsrecycling.com\/wp-content\/uploads\/2026\/03\/IMG_20260114_092954-1536x1152.jpg 1536w, https:\/\/eu.camsrecycling.com\/wp-content\/uploads\/2026\/03\/IMG_20260114_092954-100x75.jpg 100w, https:\/\/eu.camsrecycling.com\/wp-content\/uploads\/2026\/03\/IMG_20260114_092954-960x720.jpg 960w, https:\/\/eu.camsrecycling.com\/wp-content\/uploads\/2026\/03\/IMG_20260114_092954-480x360.jpg 480w, https:\/\/eu.camsrecycling.com\/wp-content\/uploads\/2026\/03\/IMG_20260114_092954.jpg 1920w\" sizes=\"auto, (max-width:767px) 480px, (max-width:1024px) 100vw, 1024px\" \/><\/p>\n<p data-start=\"1188\" data-end=\"1454\">Parmi les principales innovations que nous pr\u00e9senterons \u00e0 <strong data-start=\"1246\" data-end=\"1262\">CONEXPO 2026<\/strong>, figure l\u2019<strong data-start=\"1273\" data-end=\"1286\">UTM 1500G<\/strong>, une installation mobile con\u00e7ue pour le <strong data-start=\"1327\" data-end=\"1451\">broyage et le recyclage des mat\u00e9riaux inertes, de l\u2019asphalte, des d\u00e9chets de d\u00e9molition, du bois et des mat\u00e9riaux mixtes<\/strong>.<\/p>\n<p data-start=\"1456\" data-end=\"1627\">Nous avons d\u00e9velopp\u00e9 cette machine avec pour objectif d\u2019offrir des <strong data-start=\"1523\" data-end=\"1624\">performances \u00e9lev\u00e9es, une polyvalence op\u00e9rationnelle maximale et un impact environnemental r\u00e9duit<\/strong>.<\/p>\n<h2>Performances \u00e9lev\u00e9es et productivit\u00e9 jusqu\u2019\u00e0 200 t\/h<\/h2>\n<p data-start=\"1692\" data-end=\"1885\">Le c\u0153ur de l\u2019installation est le <strong data-start=\"1725\" data-end=\"1745\">broyeur FTR 1500<\/strong>, dot\u00e9 d\u2019une <strong data-start=\"1758\" data-end=\"1803\">bouche d\u2019alimentation de 1 500 \u00d7 1 000 mm<\/strong>, permettant une capacit\u00e9 de production allant jusqu\u2019\u00e0 <strong data-start=\"1858\" data-end=\"1882\">200 tonnes par heure<\/strong>.<\/p>\n<p data-start=\"1887\" data-end=\"1930\">Caract\u00e9ristiques techniques principales :<\/p>\n<ul data-start=\"1932\" data-end=\"2102\">\n<li data-section-id=\"1s0ptfi\" data-start=\"1932\" data-end=\"1965\">\n<p data-start=\"1934\" data-end=\"1965\"><strong data-start=\"1934\" data-end=\"1963\">Tr\u00e9mie basculante de 3 m\u00b3<\/strong><\/p>\n<\/li>\n<li data-section-id=\"1dsm3yf\" data-start=\"1966\" data-end=\"2005\">\n<p data-start=\"1968\" data-end=\"2005\"><strong data-start=\"1968\" data-end=\"2003\">Convoyeur de d\u00e9charge de 800 mm<\/strong><\/p>\n<\/li>\n<li data-section-id=\"j967sb\" data-start=\"2006\" data-end=\"2062\">\n<p data-start=\"2008\" data-end=\"2062\"><strong data-start=\"2008\" data-end=\"2060\">Dimensions compactes (11 100 \u00d7 2 320 \u00d7 3 100 mm)<\/strong><\/p>\n<\/li>\n<li data-section-id=\"pnhv0n\" data-start=\"2063\" data-end=\"2102\">\n<p data-start=\"2065\" data-end=\"2102\"><strong data-start=\"2065\" data-end=\"2100\">Poids op\u00e9rationnel de 19 500 kg<\/strong><\/p>\n<\/li>\n<\/ul>\n<p data-start=\"2104\" data-end=\"2253\">Ces caract\u00e9ristiques garantissent un <strong data-start=\"2141\" data-end=\"2191\">transport et une installation faciles sur site<\/strong>, tout en maintenant des <strong data-start=\"2216\" data-end=\"2250\">niveaux de productivit\u00e9 \u00e9lev\u00e9s<\/strong>.<\/p>\n<h2>Alimentation hybride pour plus d\u2019efficacit\u00e9 et de durabilit\u00e9<\/h2>\n<p data-start=\"2326\" data-end=\"2464\">Une caract\u00e9ristique distinctive de la s\u00e9rie <strong data-start=\"2370\" data-end=\"2377\">UTM<\/strong> est son <strong data-start=\"2386\" data-end=\"2420\">syst\u00e8me d\u2019alimentation hybride<\/strong>, qui permet \u00e0 la machine de fonctionner :<\/p>\n<ul data-start=\"2466\" data-end=\"2620\">\n<li data-section-id=\"1piun1l\" data-start=\"2466\" data-end=\"2536\">\n<p data-start=\"2468\" data-end=\"2536\">en <strong data-start=\"2471\" data-end=\"2497\">mode diesel-\u00e9lectrique<\/strong>, gr\u00e2ce au groupe \u00e9lectrog\u00e8ne int\u00e9gr\u00e9<\/p>\n<\/li>\n<li data-section-id=\"kdxyik\" data-start=\"2537\" data-end=\"2620\">\n<p data-start=\"2539\" data-end=\"2620\">ou en <strong data-start=\"2545\" data-end=\"2576\">mode enti\u00e8rement \u00e9lectrique<\/strong>, \u00e9liminant l\u2019utilisation du moteur diesel<\/p>\n<\/li>\n<\/ul>\n<p data-start=\"2622\" data-end=\"2782\">Cette solution permet de <strong data-start=\"2647\" data-end=\"2727\">r\u00e9duire les \u00e9missions, la consommation d\u2019\u00e9nergie et l\u2019impact environnemental<\/strong>, tout en am\u00e9liorant <strong data-start=\"2748\" data-end=\"2779\">l\u2019efficacit\u00e9 op\u00e9rationnelle<\/strong>.<\/p>\n<p data-start=\"2784\" data-end=\"2965\">La <strong data-start=\"2787\" data-end=\"2827\">rotation lente des arbres du broyeur<\/strong> contribue \u00e9galement \u00e0 <strong data-start=\"2850\" data-end=\"2886\">r\u00e9duire le bruit et la poussi\u00e8re<\/strong>, rendant l\u2019installation adapt\u00e9e aux <strong data-start=\"2923\" data-end=\"2962\">environnements urbains ou sensibles<\/strong>.<\/p>\n<h2>Fonctionnalit\u00e9s technologiques et options<\/h2>\n<p data-start=\"3019\" data-end=\"3167\">L\u2019<strong data-start=\"3021\" data-end=\"3034\">UTM 1500G<\/strong> int\u00e8gre plusieurs fonctionnalit\u00e9s con\u00e7ues pour <strong data-start=\"3082\" data-end=\"3152\">optimiser les op\u00e9rations de broyage et minimiser les temps d\u2019arr\u00eat<\/strong>, notamment :<\/p>\n<ul data-start=\"3169\" data-end=\"3362\">\n<li data-section-id=\"1gd7y6n\" data-start=\"3169\" data-end=\"3226\">\n<p data-start=\"3171\" data-end=\"3226\"><strong data-start=\"3171\" data-end=\"3224\">Programmes automatiques pour diff\u00e9rents mat\u00e9riaux<\/strong><\/p>\n<\/li>\n<li data-section-id=\"1b2vgny\" data-start=\"3227\" data-end=\"3275\">\n<p data-start=\"3229\" data-end=\"3275\"><strong data-start=\"3229\" data-end=\"3273\">Capacit\u00e9 \u00e0 traiter des mat\u00e9riaux humides<\/strong><\/p>\n<\/li>\n<li data-section-id=\"1ptori3\" data-start=\"3276\" data-end=\"3316\">\n<p data-start=\"3278\" data-end=\"3316\"><strong data-start=\"3278\" data-end=\"3314\">Consommation \u00e9nerg\u00e9tique r\u00e9duite<\/strong><\/p>\n<\/li>\n<li data-section-id=\"5fz0n2\" data-start=\"3317\" data-end=\"3362\">\n<p data-start=\"3319\" data-end=\"3362\"><strong data-start=\"3319\" data-end=\"3360\">Composants haute r\u00e9sistance \u00e0 l\u2019usure<\/strong><\/p>\n<\/li>\n<\/ul>\n<p data-start=\"3364\" data-end=\"3403\">Les options disponibles comprennent :<\/p>\n<ul data-start=\"3405\" data-end=\"3586\">\n<li data-section-id=\"1ikhnt4\" data-start=\"3405\" data-end=\"3437\">\n<p data-start=\"3407\" data-end=\"3437\"><strong data-start=\"3407\" data-end=\"3435\">Syst\u00e8me de pes\u00e9e int\u00e9gr\u00e9<\/strong><\/p>\n<\/li>\n<li data-section-id=\"1n4d075\" data-start=\"3438\" data-end=\"3482\">\n<p data-start=\"3440\" data-end=\"3482\"><strong data-start=\"3440\" data-end=\"3480\">Syst\u00e8me de r\u00e9duction de la poussi\u00e8re<\/strong><\/p>\n<\/li>\n<li data-section-id=\"1qokexy\" data-start=\"3483\" data-end=\"3516\">\n<p data-start=\"3485\" data-end=\"3516\"><strong data-start=\"3485\" data-end=\"3514\">Lubrification automatique<\/strong><\/p>\n<\/li>\n<li data-section-id=\"1qqsheb\" data-start=\"3517\" data-end=\"3555\">\n<p data-start=\"3519\" data-end=\"3555\"><strong data-start=\"3519\" data-end=\"3553\">GPS pour le suivi op\u00e9rationnel<\/strong><\/p>\n<\/li>\n<li data-section-id=\"1nqbnvl\" data-start=\"3556\" data-end=\"3586\">\n<p data-start=\"3558\" data-end=\"3586\"><strong data-start=\"3558\" data-end=\"3584\">Poussoirs hydrauliques<\/strong><\/p>\n<\/li>\n<\/ul>\n<p data-start=\"3588\" data-end=\"3762\">De plus, un <strong data-start=\"3600\" data-end=\"3649\">groupe \u00e9lectrog\u00e8ne CAT C7.1 Stage V de 200 kW<\/strong> est disponible, \u00e9quip\u00e9 d\u2019un <strong data-start=\"3678\" data-end=\"3710\">alternateur MeccAlte 350 kVA<\/strong> et d\u2019un <strong data-start=\"3719\" data-end=\"3759\">r\u00e9servoir de carburant de 200 litres<\/strong>.<\/p>\n<h3 data-section-id=\"18myjtj\" data-start=\"3769\" data-end=\"3849\"><strong data-start=\"3773\" data-end=\"3849\">MG7 Super-e Malavasi : mini-finisseuse compacte pour l\u2019entretien routier<\/strong><\/h3>\n<p data-start=\"3851\" data-end=\"4107\">En compl\u00e9ment de nos technologies de recyclage, \u00e0 <strong data-start=\"3901\" data-end=\"3912\">CONEXPO<\/strong> nous pr\u00e9senterons \u00e9galement une solution pour le <strong data-start=\"3962\" data-end=\"3981\">secteur routier<\/strong> : la <strong data-start=\"3987\" data-end=\"4014\">MG7 Super-e de Malavasi<\/strong>, une mini-finisseuse compacte con\u00e7ue pour <strong data-start=\"4057\" data-end=\"4104\">l\u2019entretien et les petits travaux de pavage<\/strong>.<\/p>\n<p data-start=\"4109\" data-end=\"4162\">La <strong data-start=\"4112\" data-end=\"4127\">MG7 Super-e<\/strong> est particuli\u00e8rement adapt\u00e9e \u00e0 :<\/p>\n<ul data-start=\"4164\" data-end=\"4272\">\n<li data-section-id=\"1a8blff\" data-start=\"4164\" data-end=\"4194\">\n<p data-start=\"4166\" data-end=\"4194\"><strong data-start=\"4166\" data-end=\"4192\">L\u2019entretien des routes<\/strong><\/p>\n<\/li>\n<li data-section-id=\"s4rybg\" data-start=\"4195\" data-end=\"4216\">\n<p data-start=\"4197\" data-end=\"4216\"><strong data-start=\"4197\" data-end=\"4214\">Les trottoirs<\/strong><\/p>\n<\/li>\n<li data-section-id=\"dajeax\" data-start=\"4217\" data-end=\"4237\">\n<p data-start=\"4219\" data-end=\"4237\"><strong data-start=\"4219\" data-end=\"4235\">Les parkings<\/strong><\/p>\n<\/li>\n<li data-section-id=\"1lbf1vs\" data-start=\"4238\" data-end=\"4272\">\n<p data-start=\"4240\" data-end=\"4272\"><strong data-start=\"4240\" data-end=\"4270\">Les petits projets urbains<\/strong><\/p>\n<\/li>\n<\/ul>\n<p data-start=\"4274\" data-end=\"4487\">Gr\u00e2ce \u00e0 sa <strong data-start=\"4285\" data-end=\"4329\">taille compacte et sa grande polyvalence<\/strong>, elle permet de <strong data-start=\"4346\" data-end=\"4443\">r\u00e9duire la main-d\u2019\u0153uvre, d\u2019acc\u00e9l\u00e9rer les interventions et d\u2019optimiser les co\u00fbts op\u00e9rationnels<\/strong> par rapport aux m\u00e9thodes traditionnelles.<\/p>\n<h4 data-start=\"4489\" data-end=\"4526\"><strong data-start=\"4494\" data-end=\"4526\">Pr\u00e9cision et qualit\u00e9 de pose<\/strong><\/h4>\n<p data-start=\"4528\" data-end=\"4560\">La finisseuse est \u00e9quip\u00e9e de :<\/p>\n<ul data-start=\"4562\" data-end=\"4729\">\n<li data-section-id=\"dz7r6q\" data-start=\"4562\" data-end=\"4643\">\n<p data-start=\"4564\" data-end=\"4643\"><strong data-start=\"4564\" data-end=\"4597\">Table chauff\u00e9e \u00e9lectriquement<\/strong>, pour un contr\u00f4le optimal de la temp\u00e9rature<\/p>\n<\/li>\n<li data-section-id=\"ql2b8c\" data-start=\"4644\" data-end=\"4729\">\n<p data-start=\"4646\" data-end=\"4729\"><strong data-start=\"4646\" data-end=\"4676\">Vibreur \u00e9lectrique int\u00e9gr\u00e9<\/strong>, am\u00e9liorant le compactage et la qualit\u00e9 de surface<\/p>\n<\/li>\n<\/ul>\n<p data-start=\"4731\" data-end=\"4799\">La table de pose offre une <strong data-start=\"4758\" data-end=\"4795\">grande flexibilit\u00e9 op\u00e9rationnelle<\/strong> :<\/p>\n<ul data-start=\"4801\" data-end=\"4918\">\n<li data-section-id=\"1ljmfl\" data-start=\"4801\" data-end=\"4841\">\n<p data-start=\"4803\" data-end=\"4841\"><strong data-start=\"4803\" data-end=\"4839\">Largeur de pose : 30 cm \u00e0 200 cm<\/strong><\/p>\n<\/li>\n<li data-section-id=\"156dqfq\" data-start=\"4842\" data-end=\"4883\">\n<p data-start=\"4844\" data-end=\"4883\"><strong data-start=\"4844\" data-end=\"4881\">\u00c9paisseur de pose : -5 cm \u00e0 25 cm<\/strong><\/p>\n<\/li>\n<li data-section-id=\"b6s6i2\" data-start=\"4884\" data-end=\"4918\">\n<p data-start=\"4886\" data-end=\"4918\"><strong data-start=\"4886\" data-end=\"4916\">Inclinaison : jusqu\u2019\u00e0 -10\u00b0<\/strong><\/p>\n<\/li>\n<\/ul>\n<p data-start=\"4920\" data-end=\"5093\">La machine peut \u00e9galement atteindre une <strong data-start=\"4960\" data-end=\"5008\">vitesse d\u2019avancement allant jusqu\u2019\u00e0 18 m\/min<\/strong>, garantissant une <strong data-start=\"5027\" data-end=\"5090\">pose uniforme du rev\u00eatement et des temps de travail r\u00e9duits<\/strong>.<\/p>\n<p data-start=\"5095\" data-end=\"5214\">Parmi les options disponibles figure un <strong data-start=\"5135\" data-end=\"5211\">r\u00e9servoir d\u2019\u00e9mulsion de 200 litres avec syst\u00e8me de pulv\u00e9risation int\u00e9gr\u00e9<\/strong>.<\/p>\n<p data-start=\"5221\" data-end=\"5580\">Avec notre participation \u00e0 <strong data-start=\"5248\" data-end=\"5264\">CONEXPO 2026<\/strong>, nous souhaitons continuer \u00e0 partager notre vision <strong data-start=\"5316\" data-end=\"5405\">d\u2019innovation et de durabilit\u00e9 appliqu\u00e9e au recyclage et aux infrastructures routi\u00e8res<\/strong>. Les solutions que nous pr\u00e9senterons refl\u00e8tent notre engagement \u00e0 d\u00e9velopper des <strong data-start=\"5487\" data-end=\"5577\">technologies toujours plus efficaces, polyvalentes et respectueuses de l\u2019environnement<\/strong>.<\/p>\n<p data-start=\"5582\" data-end=\"5670\">Nous vous invitons \u00e0 <strong data-start=\"5603\" data-end=\"5666\">d\u00e9couvrir nos machines de pr\u00e8s et \u00e0 rencontrer notre \u00e9quipe<\/strong> :<\/p>\n<ul data-start=\"5672\" data-end=\"5870\">\n<li data-section-id=\"1xrd8mv\" data-start=\"5672\" data-end=\"5780\">\n<p data-start=\"5674\" data-end=\"5780\"><strong data-start=\"5674\" data-end=\"5732\">GrinderCrusherScreen Inc. \u2013 Central Hall, Stand C20348<\/strong>, pour la premi\u00e8re mondiale de l\u2019<strong data-start=\"5765\" data-end=\"5778\">UTM 1500G<\/strong><\/p>\n<\/li>\n<li data-section-id=\"1m9gkq2\" data-start=\"5781\" data-end=\"5870\">\n<p data-start=\"5783\" data-end=\"5870\"><strong data-start=\"5783\" data-end=\"5834\">Hitek Equipment Inc. \u2013 Silver Lot, Stand SV3105<\/strong>, avec la <strong data-start=\"5844\" data-end=\"5868\">MG7 Super-e Malavasi<\/strong><\/p>\n<\/li>\n<\/ul>\n<p style=\"color: #007a60; text-align: center;\"><strong>Cams \u201cIL FUTURO \u00c8 VERDE\u201d<\/strong><\/p>\n<div style=\"text-align: center;\"><\/div>\n<div style=\"text-align: center;\"><div class=\"button_align align_center\"><a class=\"button  button_size_2\" href=\"https:\/\/eu.camsrecycling.com\/fr\/contacts\/\"     style=\"background-color:#007a60!important;color:#fff;\"     title=\"\"><span class=\"button_label\">Contactez-nous<\/span><\/a><\/div>\n<\/div>\n","protected":false},"excerpt":{"rendered":"<p>Du 3 au 7 mars 2026, CAMS sera pr\u00e9sent \u00e0 CONEXPO \u00e0 Las Vegas, l\u2019un des \u00e9v\u00e9nements internationaux les plus importants pour les secteurs de la<span class=\"excerpt-hellip\"> [\u2026]<\/span><\/p>\n","protected":false},"author":21,"featured_media":10978,"comment_status":"open","ping_status":"closed","sticky":false,"template":"","format":"standard","meta":{"footnotes":""},"categories":[37],"tags":[],"class_list":["post-10968","post","type-post","status-publish","format-standard","has-post-thumbnail","hentry","category-annonces"],"yoast_head":"<!-- This site is optimized with the Yoast SEO plugin v27.4 - https:\/\/yoast.com\/product\/yoast-seo-wordpress\/ -->\n<title>CAMS \u00e0 CONEXPO 2026 : recyclage et pavage<\/title>\n<meta name=\"description\" content=\"CAMS \u00e0 CONEXPO 2026 le concasseur mobile hybride UTM 1500G et la mini-finisseuse MG7 Super-e : pour le recyclage des inertes\" \/>\n<meta name=\"robots\" content=\"index, follow, max-snippet:-1, max-image-preview:large, max-video-preview:-1\" \/>\n<link rel=\"canonical\" href=\"https:\/\/eu.camsrecycling.com\/fr\/annonces\/cams-conexpo-2026-utm-1500g-mg7-super-e\/\" \/>\n<meta property=\"og:locale\" content=\"fr_FR\" \/>\n<meta property=\"og:type\" content=\"article\" \/>\n<meta property=\"og:title\" content=\"CAMS \u00e0 CONEXPO 2026 : recyclage et pavage\" \/>\n<meta property=\"og:description\" content=\"CAMS \u00e0 CONEXPO 2026 le concasseur mobile hybride UTM 1500G et la mini-finisseuse MG7 Super-e : pour le recyclage des inertes\" \/>\n<meta property=\"og:url\" content=\"https:\/\/eu.camsrecycling.com\/fr\/annonces\/cams-conexpo-2026-utm-1500g-mg7-super-e\/\" \/>\n<meta property=\"og:site_name\" content=\"CAMS\" \/>\n<meta property=\"article:published_time\" content=\"2026-03-10T08:21:55+00:00\" \/>\n<meta property=\"article:modified_time\" content=\"2026-03-10T09:26:56+00:00\" \/>\n<meta property=\"og:image\" content=\"https:\/\/eu.camsrecycling.com\/wp-content\/uploads\/2026\/03\/Copertina-per-Wordpress-articoli-cams-1-1.jpg\" \/>\n\t<meta property=\"og:image:width\" content=\"1290\" \/>\n\t<meta property=\"og:image:height\" content=\"1265\" \/>\n\t<meta property=\"og:image:type\" content=\"image\/jpeg\" \/>\n<meta name=\"author\" content=\"patrizia\" \/>\n<meta name=\"twitter:card\" content=\"summary_large_image\" \/>\n<meta name=\"twitter:label1\" content=\"\u00c9crit par\" \/>\n\t<meta name=\"twitter:data1\" content=\"patrizia\" \/>\n\t<meta name=\"twitter:label2\" content=\"Dur\u00e9e de lecture estim\u00e9e\" \/>\n\t<meta name=\"twitter:data2\" content=\"5 minutes\" \/>\n<script type=\"application\/ld+json\" class=\"yoast-schema-graph\">{\"@context\":\"https:\\\/\\\/schema.org\",\"@graph\":[{\"@type\":\"Article\",\"@id\":\"https:\\\/\\\/eu.camsrecycling.com\\\/fr\\\/annonces\\\/cams-conexpo-2026-utm-1500g-mg7-super-e\\\/#article\",\"isPartOf\":{\"@id\":\"https:\\\/\\\/eu.camsrecycling.com\\\/fr\\\/annonces\\\/cams-conexpo-2026-utm-1500g-mg7-super-e\\\/\"},\"author\":{\"name\":\"patrizia\",\"@id\":\"https:\\\/\\\/eu.camsrecycling.com\\\/fr\\\/#\\\/schema\\\/person\\\/da5ad279740e514f20902ca55a12bc87\"},\"headline\":\"CONEXPO 2026 : innovation dans le recyclage et le pavage avec l\u2019UTM 1500G et la MG7 Super-e\",\"datePublished\":\"2026-03-10T08:21:55+00:00\",\"dateModified\":\"2026-03-10T09:26:56+00:00\",\"mainEntityOfPage\":{\"@id\":\"https:\\\/\\\/eu.camsrecycling.com\\\/fr\\\/annonces\\\/cams-conexpo-2026-utm-1500g-mg7-super-e\\\/\"},\"wordCount\":884,\"commentCount\":0,\"image\":{\"@id\":\"https:\\\/\\\/eu.camsrecycling.com\\\/fr\\\/annonces\\\/cams-conexpo-2026-utm-1500g-mg7-super-e\\\/#primaryimage\"},\"thumbnailUrl\":\"https:\\\/\\\/eu.camsrecycling.com\\\/wp-content\\\/uploads\\\/2026\\\/03\\\/Copertina-per-Wordpress-articoli-cams-1-1.jpg\",\"articleSection\":[\"Annonces\"],\"inLanguage\":\"fr-FR\",\"potentialAction\":[{\"@type\":\"CommentAction\",\"name\":\"Comment\",\"target\":[\"https:\\\/\\\/eu.camsrecycling.com\\\/fr\\\/annonces\\\/cams-conexpo-2026-utm-1500g-mg7-super-e\\\/#respond\"]}]},{\"@type\":\"WebPage\",\"@id\":\"https:\\\/\\\/eu.camsrecycling.com\\\/fr\\\/annonces\\\/cams-conexpo-2026-utm-1500g-mg7-super-e\\\/\",\"url\":\"https:\\\/\\\/eu.camsrecycling.com\\\/fr\\\/annonces\\\/cams-conexpo-2026-utm-1500g-mg7-super-e\\\/\",\"name\":\"CAMS \u00e0 CONEXPO 2026 : recyclage et pavage\",\"isPartOf\":{\"@id\":\"https:\\\/\\\/eu.camsrecycling.com\\\/fr\\\/#website\"},\"primaryImageOfPage\":{\"@id\":\"https:\\\/\\\/eu.camsrecycling.com\\\/fr\\\/annonces\\\/cams-conexpo-2026-utm-1500g-mg7-super-e\\\/#primaryimage\"},\"image\":{\"@id\":\"https:\\\/\\\/eu.camsrecycling.com\\\/fr\\\/annonces\\\/cams-conexpo-2026-utm-1500g-mg7-super-e\\\/#primaryimage\"},\"thumbnailUrl\":\"https:\\\/\\\/eu.camsrecycling.com\\\/wp-content\\\/uploads\\\/2026\\\/03\\\/Copertina-per-Wordpress-articoli-cams-1-1.jpg\",\"datePublished\":\"2026-03-10T08:21:55+00:00\",\"dateModified\":\"2026-03-10T09:26:56+00:00\",\"author\":{\"@id\":\"https:\\\/\\\/eu.camsrecycling.com\\\/fr\\\/#\\\/schema\\\/person\\\/da5ad279740e514f20902ca55a12bc87\"},\"description\":\"CAMS \u00e0 CONEXPO 2026 le concasseur mobile hybride UTM 1500G et la mini-finisseuse MG7 Super-e : pour le recyclage des inertes\",\"breadcrumb\":{\"@id\":\"https:\\\/\\\/eu.camsrecycling.com\\\/fr\\\/annonces\\\/cams-conexpo-2026-utm-1500g-mg7-super-e\\\/#breadcrumb\"},\"inLanguage\":\"fr-FR\",\"potentialAction\":[{\"@type\":\"ReadAction\",\"target\":[\"https:\\\/\\\/eu.camsrecycling.com\\\/fr\\\/annonces\\\/cams-conexpo-2026-utm-1500g-mg7-super-e\\\/\"]}]},{\"@type\":\"ImageObject\",\"inLanguage\":\"fr-FR\",\"@id\":\"https:\\\/\\\/eu.camsrecycling.com\\\/fr\\\/annonces\\\/cams-conexpo-2026-utm-1500g-mg7-super-e\\\/#primaryimage\",\"url\":\"https:\\\/\\\/eu.camsrecycling.com\\\/wp-content\\\/uploads\\\/2026\\\/03\\\/Copertina-per-Wordpress-articoli-cams-1-1.jpg\",\"contentUrl\":\"https:\\\/\\\/eu.camsrecycling.com\\\/wp-content\\\/uploads\\\/2026\\\/03\\\/Copertina-per-Wordpress-articoli-cams-1-1.jpg\",\"width\":1290,\"height\":1265},{\"@type\":\"BreadcrumbList\",\"@id\":\"https:\\\/\\\/eu.camsrecycling.com\\\/fr\\\/annonces\\\/cams-conexpo-2026-utm-1500g-mg7-super-e\\\/#breadcrumb\",\"itemListElement\":[{\"@type\":\"ListItem\",\"position\":1,\"name\":\"Home\",\"item\":\"https:\\\/\\\/eu.camsrecycling.com\\\/fr\\\/\"},{\"@type\":\"ListItem\",\"position\":2,\"name\":\"CONEXPO 2026 : innovation dans le recyclage et le pavage avec l\u2019UTM 1500G et la MG7 Super-e\"}]},{\"@type\":\"WebSite\",\"@id\":\"https:\\\/\\\/eu.camsrecycling.com\\\/fr\\\/#website\",\"url\":\"https:\\\/\\\/eu.camsrecycling.com\\\/fr\\\/\",\"name\":\"CAMS\",\"description\":\"IL FUTURO \u00c8 VERDE\",\"potentialAction\":[{\"@type\":\"SearchAction\",\"target\":{\"@type\":\"EntryPoint\",\"urlTemplate\":\"https:\\\/\\\/eu.camsrecycling.com\\\/fr\\\/?s={search_term_string}\"},\"query-input\":{\"@type\":\"PropertyValueSpecification\",\"valueRequired\":true,\"valueName\":\"search_term_string\"}}],\"inLanguage\":\"fr-FR\"},{\"@type\":\"Person\",\"@id\":\"https:\\\/\\\/eu.camsrecycling.com\\\/fr\\\/#\\\/schema\\\/person\\\/da5ad279740e514f20902ca55a12bc87\",\"name\":\"patrizia\",\"image\":{\"@type\":\"ImageObject\",\"inLanguage\":\"fr-FR\",\"@id\":\"https:\\\/\\\/secure.gravatar.com\\\/avatar\\\/0ee6d6e5db29c650b930d28bcd9d670b21ad2d2ff7398c0ba587ab8b3e93e9fd?s=96&d=mm&r=g\",\"url\":\"https:\\\/\\\/secure.gravatar.com\\\/avatar\\\/0ee6d6e5db29c650b930d28bcd9d670b21ad2d2ff7398c0ba587ab8b3e93e9fd?s=96&d=mm&r=g\",\"contentUrl\":\"https:\\\/\\\/secure.gravatar.com\\\/avatar\\\/0ee6d6e5db29c650b930d28bcd9d670b21ad2d2ff7398c0ba587ab8b3e93e9fd?s=96&d=mm&r=g\",\"caption\":\"patrizia\"}}]}<\/script>\n<!-- \/ Yoast SEO plugin. -->","yoast_head_json":{"title":"CAMS \u00e0 CONEXPO 2026 : recyclage et pavage","description":"CAMS \u00e0 CONEXPO 2026 le concasseur mobile hybride UTM 1500G et la mini-finisseuse MG7 Super-e : pour le recyclage des inertes","robots":{"index":"index","follow":"follow","max-snippet":"max-snippet:-1","max-image-preview":"max-image-preview:large","max-video-preview":"max-video-preview:-1"},"canonical":"https:\/\/eu.camsrecycling.com\/fr\/annonces\/cams-conexpo-2026-utm-1500g-mg7-super-e\/","og_locale":"fr_FR","og_type":"article","og_title":"CAMS \u00e0 CONEXPO 2026 : recyclage et pavage","og_description":"CAMS \u00e0 CONEXPO 2026 le concasseur mobile hybride UTM 1500G et la mini-finisseuse MG7 Super-e : pour le recyclage des inertes","og_url":"https:\/\/eu.camsrecycling.com\/fr\/annonces\/cams-conexpo-2026-utm-1500g-mg7-super-e\/","og_site_name":"CAMS","article_published_time":"2026-03-10T08:21:55+00:00","article_modified_time":"2026-03-10T09:26:56+00:00","og_image":[{"width":1290,"height":1265,"url":"https:\/\/eu.camsrecycling.com\/wp-content\/uploads\/2026\/03\/Copertina-per-Wordpress-articoli-cams-1-1.jpg","type":"image\/jpeg"}],"author":"patrizia","twitter_card":"summary_large_image","twitter_misc":{"\u00c9crit par":"patrizia","Dur\u00e9e de lecture estim\u00e9e":"5 minutes"},"schema":{"@context":"https:\/\/schema.org","@graph":[{"@type":"Article","@id":"https:\/\/eu.camsrecycling.com\/fr\/annonces\/cams-conexpo-2026-utm-1500g-mg7-super-e\/#article","isPartOf":{"@id":"https:\/\/eu.camsrecycling.com\/fr\/annonces\/cams-conexpo-2026-utm-1500g-mg7-super-e\/"},"author":{"name":"patrizia","@id":"https:\/\/eu.camsrecycling.com\/fr\/#\/schema\/person\/da5ad279740e514f20902ca55a12bc87"},"headline":"CONEXPO 2026 : innovation dans le recyclage et le pavage avec l\u2019UTM 1500G et la MG7 Super-e","datePublished":"2026-03-10T08:21:55+00:00","dateModified":"2026-03-10T09:26:56+00:00","mainEntityOfPage":{"@id":"https:\/\/eu.camsrecycling.com\/fr\/annonces\/cams-conexpo-2026-utm-1500g-mg7-super-e\/"},"wordCount":884,"commentCount":0,"image":{"@id":"https:\/\/eu.camsrecycling.com\/fr\/annonces\/cams-conexpo-2026-utm-1500g-mg7-super-e\/#primaryimage"},"thumbnailUrl":"https:\/\/eu.camsrecycling.com\/wp-content\/uploads\/2026\/03\/Copertina-per-Wordpress-articoli-cams-1-1.jpg","articleSection":["Annonces"],"inLanguage":"fr-FR","potentialAction":[{"@type":"CommentAction","name":"Comment","target":["https:\/\/eu.camsrecycling.com\/fr\/annonces\/cams-conexpo-2026-utm-1500g-mg7-super-e\/#respond"]}]},{"@type":"WebPage","@id":"https:\/\/eu.camsrecycling.com\/fr\/annonces\/cams-conexpo-2026-utm-1500g-mg7-super-e\/","url":"https:\/\/eu.camsrecycling.com\/fr\/annonces\/cams-conexpo-2026-utm-1500g-mg7-super-e\/","name":"CAMS \u00e0 CONEXPO 2026 : recyclage et pavage","isPartOf":{"@id":"https:\/\/eu.camsrecycling.com\/fr\/#website"},"primaryImageOfPage":{"@id":"https:\/\/eu.camsrecycling.com\/fr\/annonces\/cams-conexpo-2026-utm-1500g-mg7-super-e\/#primaryimage"},"image":{"@id":"https:\/\/eu.camsrecycling.com\/fr\/annonces\/cams-conexpo-2026-utm-1500g-mg7-super-e\/#primaryimage"},"thumbnailUrl":"https:\/\/eu.camsrecycling.com\/wp-content\/uploads\/2026\/03\/Copertina-per-Wordpress-articoli-cams-1-1.jpg","datePublished":"2026-03-10T08:21:55+00:00","dateModified":"2026-03-10T09:26:56+00:00","author":{"@id":"https:\/\/eu.camsrecycling.com\/fr\/#\/schema\/person\/da5ad279740e514f20902ca55a12bc87"},"description":"CAMS \u00e0 CONEXPO 2026 le concasseur mobile hybride UTM 1500G et la mini-finisseuse MG7 Super-e : pour le recyclage des inertes","breadcrumb":{"@id":"https:\/\/eu.camsrecycling.com\/fr\/annonces\/cams-conexpo-2026-utm-1500g-mg7-super-e\/#breadcrumb"},"inLanguage":"fr-FR","potentialAction":[{"@type":"ReadAction","target":["https:\/\/eu.camsrecycling.com\/fr\/annonces\/cams-conexpo-2026-utm-1500g-mg7-super-e\/"]}]},{"@type":"ImageObject","inLanguage":"fr-FR","@id":"https:\/\/eu.camsrecycling.com\/fr\/annonces\/cams-conexpo-2026-utm-1500g-mg7-super-e\/#primaryimage","url":"https:\/\/eu.camsrecycling.com\/wp-content\/uploads\/2026\/03\/Copertina-per-Wordpress-articoli-cams-1-1.jpg","contentUrl":"https:\/\/eu.camsrecycling.com\/wp-content\/uploads\/2026\/03\/Copertina-per-Wordpress-articoli-cams-1-1.jpg","width":1290,"height":1265},{"@type":"BreadcrumbList","@id":"https:\/\/eu.camsrecycling.com\/fr\/annonces\/cams-conexpo-2026-utm-1500g-mg7-super-e\/#breadcrumb","itemListElement":[{"@type":"ListItem","position":1,"name":"Home","item":"https:\/\/eu.camsrecycling.com\/fr\/"},{"@type":"ListItem","position":2,"name":"CONEXPO 2026 : innovation dans le recyclage et le pavage avec l\u2019UTM 1500G et la MG7 Super-e"}]},{"@type":"WebSite","@id":"https:\/\/eu.camsrecycling.com\/fr\/#website","url":"https:\/\/eu.camsrecycling.com\/fr\/","name":"CAMS","description":"IL FUTURO \u00c8 VERDE","potentialAction":[{"@type":"SearchAction","target":{"@type":"EntryPoint","urlTemplate":"https:\/\/eu.camsrecycling.com\/fr\/?s={search_term_string}"},"query-input":{"@type":"PropertyValueSpecification","valueRequired":true,"valueName":"search_term_string"}}],"inLanguage":"fr-FR"},{"@type":"Person","@id":"https:\/\/eu.camsrecycling.com\/fr\/#\/schema\/person\/da5ad279740e514f20902ca55a12bc87","name":"patrizia","image":{"@type":"ImageObject","inLanguage":"fr-FR","@id":"https:\/\/secure.gravatar.com\/avatar\/0ee6d6e5db29c650b930d28bcd9d670b21ad2d2ff7398c0ba587ab8b3e93e9fd?s=96&d=mm&r=g","url":"https:\/\/secure.gravatar.com\/avatar\/0ee6d6e5db29c650b930d28bcd9d670b21ad2d2ff7398c0ba587ab8b3e93e9fd?s=96&d=mm&r=g","contentUrl":"https:\/\/secure.gravatar.com\/avatar\/0ee6d6e5db29c650b930d28bcd9d670b21ad2d2ff7398c0ba587ab8b3e93e9fd?s=96&d=mm&r=g","caption":"patrizia"}}]}},"_links":{"self":[{"href":"https:\/\/eu.camsrecycling.com\/fr\/wp-json\/wp\/v2\/posts\/10968","targetHints":{"allow":["GET"]}}],"collection":[{"href":"https:\/\/eu.camsrecycling.com\/fr\/wp-json\/wp\/v2\/posts"}],"about":[{"href":"https:\/\/eu.camsrecycling.com\/fr\/wp-json\/wp\/v2\/types\/post"}],"author":[{"embeddable":true,"href":"https:\/\/eu.camsrecycling.com\/fr\/wp-json\/wp\/v2\/users\/21"}],"replies":[{"embeddable":true,"href":"https:\/\/eu.camsrecycling.com\/fr\/wp-json\/wp\/v2\/comments?post=10968"}],"version-history":[{"count":2,"href":"https:\/\/eu.camsrecycling.com\/fr\/wp-json\/wp\/v2\/posts\/10968\/revisions"}],"predecessor-version":[{"id":10983,"href":"https:\/\/eu.camsrecycling.com\/fr\/wp-json\/wp\/v2\/posts\/10968\/revisions\/10983"}],"wp:featuredmedia":[{"embeddable":true,"href":"https:\/\/eu.camsrecycling.com\/fr\/wp-json\/wp\/v2\/media\/10978"}],"wp:attachment":[{"href":"https:\/\/eu.camsrecycling.com\/fr\/wp-json\/wp\/v2\/media?parent=10968"}],"wp:term":[{"taxonomy":"category","embeddable":true,"href":"https:\/\/eu.camsrecycling.com\/fr\/wp-json\/wp\/v2\/categories?post=10968"},{"taxonomy":"post_tag","embeddable":true,"href":"https:\/\/eu.camsrecycling.com\/fr\/wp-json\/wp\/v2\/tags?post=10968"}],"curies":[{"name":"wp","href":"https:\/\/api.w.org\/{rel}","templated":true}]}}